{"id":51908,"date":"2012-05-30T13:55:11","date_gmt":"2012-05-30T11:55:11","guid":{"rendered":"http:\/\/comunicacion.umh.es\/2012\/05\/30\/la-facultad-de-ciencias-sociales-y-juridicas-de-orihuela-de-la-umh-celebra-la-graduacion-de-sus-licenciados\/"},"modified":"2012-05-30T14:56:39","modified_gmt":"2012-05-30T12:56:39","slug":"la-facultad-de-ciencias-sociales-y-juridicas-de-orihuela-de-la-umh-celebra-la-graduacion-de-sus-licenciados","status":"publish","type":"post","link":"https:\/\/comunicacion.umh.es\/ca\/2012\/05\/30\/la-facultad-de-ciencias-sociales-y-juridicas-de-orihuela-de-la-umh-celebra-la-graduacion-de-sus-licenciados\/","title":{"rendered":"<span lang=\"es\">(Espa\u00f1ol) La Facultad de Ciencias Sociales y Jur\u00eddicas de Orihuela de la UMH celebra la graduaci\u00f3n de sus licenciados<\/span>"},"content":{"rendered":"<p><\/p>\n<p><p><!--more--><\/p>\n<\/p>\n<p><\/p>","protected":false},"excerpt":{"rendered":"","protected":false},"author":1771,"featured_media":0,"comment_status":"closed","ping_status":"open","sticky":false,"template":"","format":"standard","meta":{"ngg_post_thumbnail":0,"_links_to":"","_links_to_target":""},"categories":[2477,770,2782,2783,43,394],"tags":[],"_links":{"self":[{"href":"https:\/\/comunicacion.umh.es\/ca\/wp-json\/wp\/v2\/posts\/51908"}],"collection":[{"href":"https:\/\/comunicacion.umh.es\/ca\/wp-json\/wp\/v2\/posts"}],"about":[{"href":"https:\/\/comunicacion.umh.es\/ca\/wp-json\/wp\/v2\/types\/post"}],"author":[{"embeddable":true,"href":"https:\/\/comunicacion.umh.es\/ca\/wp-json\/wp\/v2\/users\/1771"}],"replies":[{"embeddable":true,"href":"https:\/\/comunicacion.umh.es\/ca\/wp-json\/wp\/v2\/comments?post=51908"}],"version-history":[{"count":0,"href":"https:\/\/comunicacion.umh.es\/ca\/wp-json\/wp\/v2\/posts\/51908\/revisions"}],"wp:attachment":[{"href":"https:\/\/comunicacion.umh.es\/ca\/wp-json\/wp\/v2\/media?parent=51908"}],"wp:term":[{"taxonomy":"category","embeddable":true,"href":"https:\/\/comunicacion.umh.es\/ca\/wp-json\/wp\/v2\/categories?post=51908"},{"taxonomy":"post_tag","embeddable":true,"href":"https:\/\/comunicacion.umh.es\/ca\/wp-json\/wp\/v2\/tags?post=51908"}],"curies":[{"name":"wp","href":"https:\/\/api.w.org\/{rel}","templated":true}]}}