{"id":52257,"date":"2012-06-08T13:10:51","date_gmt":"2012-06-08T11:10:51","guid":{"rendered":"http:\/\/comunicacion.umh.es\/2012\/06\/08\/la-umh-gradua-a-los-estudiantes-del-master-en-gestion-de-recursos-humanos-trabajo-y-organizaciones\/"},"modified":"2012-06-08T13:10:51","modified_gmt":"2012-06-08T11:10:51","slug":"la-umh-gradua-a-los-estudiantes-del-master-en-gestion-de-recursos-humanos-trabajo-y-organizaciones","status":"publish","type":"post","link":"https:\/\/comunicacion.umh.es\/ca\/2012\/06\/08\/la-umh-gradua-a-los-estudiantes-del-master-en-gestion-de-recursos-humanos-trabajo-y-organizaciones\/","title":{"rendered":"<span lang=\"es\">(Espa\u00f1ol) La UMH grad\u00faa a los estudiantes del M\u00e1ster en Gesti\u00f3n de Recursos Humanos, Trabajo y Organizaciones<\/span>"},"content":{"rendered":"<p class=\"qtranxs-available-languages-message qtranxs-available-languages-message-ca\">Ho sent, per\u00f2 aquesta entrada nom\u00e9s est\u00e0 disponible en <a href=\"https:\/\/comunicacion.umh.es\/es\/wp-json\/wp\/v2\/posts\/52257\" class=\"qtranxs-available-language-link qtranxs-available-language-link-es\" title=\"Espa\u00f1ol\">Espanyol Europeu<\/a>.<\/p>","protected":false},"excerpt":{"rendered":"<p>Ho sent, per\u00f2 aquesta entrada nom\u00e9s est\u00e0 disponible en Espanyol Europeu.<\/p>\n","protected":false},"author":308,"featured_media":0,"comment_status":"closed","ping_status":"open","sticky":false,"template":"","format":"standard","meta":{"ngg_post_thumbnail":0,"_links_to":"","_links_to_target":""},"categories":[770,69,2789,2782,43],"tags":[],"_links":{"self":[{"href":"https:\/\/comunicacion.umh.es\/ca\/wp-json\/wp\/v2\/posts\/52257"}],"collection":[{"href":"https:\/\/comunicacion.umh.es\/ca\/wp-json\/wp\/v2\/posts"}],"about":[{"href":"https:\/\/comunicacion.umh.es\/ca\/wp-json\/wp\/v2\/types\/post"}],"author":[{"embeddable":true,"href":"https:\/\/comunicacion.umh.es\/ca\/wp-json\/wp\/v2\/users\/308"}],"replies":[{"embeddable":true,"href":"https:\/\/comunicacion.umh.es\/ca\/wp-json\/wp\/v2\/comments?post=52257"}],"version-history":[{"count":0,"href":"https:\/\/comunicacion.umh.es\/ca\/wp-json\/wp\/v2\/posts\/52257\/revisions"}],"wp:attachment":[{"href":"https:\/\/comunicacion.umh.es\/ca\/wp-json\/wp\/v2\/media?parent=52257"}],"wp:term":[{"taxonomy":"category","embeddable":true,"href":"https:\/\/comunicacion.umh.es\/ca\/wp-json\/wp\/v2\/categories?post=52257"},{"taxonomy":"post_tag","embeddable":true,"href":"https:\/\/comunicacion.umh.es\/ca\/wp-json\/wp\/v2\/tags?post=52257"}],"curies":[{"name":"wp","href":"https:\/\/api.w.org\/{rel}","templated":true}]}}