{"id":52738,"date":"2012-06-28T13:11:45","date_gmt":"2012-06-28T11:11:45","guid":{"rendered":"http:\/\/comunicacion.umh.es\/?p=52738"},"modified":"2012-06-28T13:47:07","modified_gmt":"2012-06-28T11:47:07","slug":"los-cientificos-javier-menendez-y-jorge-joven-imparten-el-seminario-%e2%80%98cancer-y-arterioesclerosis-dos-asesinos-en-serie%e2%80%99-en-la-umh","status":"publish","type":"post","link":"https:\/\/comunicacion.umh.es\/ca\/2012\/06\/28\/los-cientificos-javier-menendez-y-jorge-joven-imparten-el-seminario-%e2%80%98cancer-y-arterioesclerosis-dos-asesinos-en-serie%e2%80%99-en-la-umh\/","title":{"rendered":"<span lang=\"es\">(Espa\u00f1ol) Los cient\u00edficos Javier Men\u00e9ndez y Jorge Joven imparten el seminario \u2018C\u00e1ncer y arterioesclerosis: dos asesinos en serie\u2019 en la UMH<\/span>"},"content":{"rendered":"<p><\/p>\n<p><!--more--><\/p>\n<p><\/p>","protected":false},"excerpt":{"rendered":"","protected":false},"author":1773,"featured_media":0,"comment_status":"closed","ping_status":"open","sticky":false,"template":"","format":"standard","meta":{"ngg_post_thumbnail":0,"_links_to":"","_links_to_target":""},"categories":[770,2782,191,2790,43,2778,2918,2420,1],"tags":[],"_links":{"self":[{"href":"https:\/\/comunicacion.umh.es\/ca\/wp-json\/wp\/v2\/posts\/52738"}],"collection":[{"href":"https:\/\/comunicacion.umh.es\/ca\/wp-json\/wp\/v2\/posts"}],"about":[{"href":"https:\/\/comunicacion.umh.es\/ca\/wp-json\/wp\/v2\/types\/post"}],"author":[{"embeddable":true,"href":"https:\/\/comunicacion.umh.es\/ca\/wp-json\/wp\/v2\/users\/1773"}],"replies":[{"embeddable":true,"href":"https:\/\/comunicacion.umh.es\/ca\/wp-json\/wp\/v2\/comments?post=52738"}],"version-history":[{"count":0,"href":"https:\/\/comunicacion.umh.es\/ca\/wp-json\/wp\/v2\/posts\/52738\/revisions"}],"wp:attachment":[{"href":"https:\/\/comunicacion.umh.es\/ca\/wp-json\/wp\/v2\/media?parent=52738"}],"wp:term":[{"taxonomy":"category","embeddable":true,"href":"https:\/\/comunicacion.umh.es\/ca\/wp-json\/wp\/v2\/categories?post=52738"},{"taxonomy":"post_tag","embeddable":true,"href":"https:\/\/comunicacion.umh.es\/ca\/wp-json\/wp\/v2\/tags?post=52738"}],"curies":[{"name":"wp","href":"https:\/\/api.w.org\/{rel}","templated":true}]}}