{"id":53192,"date":"2012-07-10T13:20:06","date_gmt":"2012-07-10T11:20:06","guid":{"rendered":"http:\/\/comunicacion.umh.es\/2012\/07\/10\/la-umh-celebra-la-graduacion-de-la-v-promocion-del-master-universitario-en-psicologia-de-la-salud\/"},"modified":"2012-07-10T13:20:06","modified_gmt":"2012-07-10T11:20:06","slug":"la-umh-celebra-la-graduacion-de-la-v-promocion-del-master-universitario-en-psicologia-de-la-salud","status":"publish","type":"post","link":"https:\/\/comunicacion.umh.es\/ca\/2012\/07\/10\/la-umh-celebra-la-graduacion-de-la-v-promocion-del-master-universitario-en-psicologia-de-la-salud\/","title":{"rendered":"<span lang=\"es\">(Espa\u00f1ol) La UMH celebra la graduaci\u00f3n de la V Promoci\u00f3n del M\u00e1ster Universitario en Psicolog\u00eda de la Salud<\/span>"},"content":{"rendered":"<p class=\"qtranxs-available-languages-message qtranxs-available-languages-message-ca\">Ho sent, per\u00f2 aquesta entrada nom\u00e9s est\u00e0 disponible en <a href=\"https:\/\/comunicacion.umh.es\/es\/wp-json\/wp\/v2\/posts\/53192\" class=\"qtranxs-available-language-link qtranxs-available-language-link-es\" title=\"Espa\u00f1ol\">Espanyol Europeu<\/a>.<\/p>","protected":false},"excerpt":{"rendered":"<p>Ho sent, per\u00f2 aquesta entrada nom\u00e9s est\u00e0 disponible en Espanyol Europeu.<\/p>\n","protected":false},"author":1773,"featured_media":0,"comment_status":"closed","ping_status":"open","sticky":false,"template":"","format":"standard","meta":{"ngg_post_thumbnail":0,"_links_to":"","_links_to_target":""},"categories":[2477,770,69,2782,2783,43,2778],"tags":[],"_links":{"self":[{"href":"https:\/\/comunicacion.umh.es\/ca\/wp-json\/wp\/v2\/posts\/53192"}],"collection":[{"href":"https:\/\/comunicacion.umh.es\/ca\/wp-json\/wp\/v2\/posts"}],"about":[{"href":"https:\/\/comunicacion.umh.es\/ca\/wp-json\/wp\/v2\/types\/post"}],"author":[{"embeddable":true,"href":"https:\/\/comunicacion.umh.es\/ca\/wp-json\/wp\/v2\/users\/1773"}],"replies":[{"embeddable":true,"href":"https:\/\/comunicacion.umh.es\/ca\/wp-json\/wp\/v2\/comments?post=53192"}],"version-history":[{"count":0,"href":"https:\/\/comunicacion.umh.es\/ca\/wp-json\/wp\/v2\/posts\/53192\/revisions"}],"wp:attachment":[{"href":"https:\/\/comunicacion.umh.es\/ca\/wp-json\/wp\/v2\/media?parent=53192"}],"wp:term":[{"taxonomy":"category","embeddable":true,"href":"https:\/\/comunicacion.umh.es\/ca\/wp-json\/wp\/v2\/categories?post=53192"},{"taxonomy":"post_tag","embeddable":true,"href":"https:\/\/comunicacion.umh.es\/ca\/wp-json\/wp\/v2\/tags?post=53192"}],"curies":[{"name":"wp","href":"https:\/\/api.w.org\/{rel}","templated":true}]}}