{"id":53223,"date":"2012-07-11T12:34:40","date_gmt":"2012-07-11T10:34:40","guid":{"rendered":"http:\/\/comunicacion.umh.es\/2012\/07\/11\/el-observatorio-de-la-sostenibilidad-ambiental-de-la-provincia-de-alicante-de-la-umh-se-incorpora-a-la-red-de-observatorios-nacionales\/"},"modified":"2012-07-11T12:34:40","modified_gmt":"2012-07-11T10:34:40","slug":"el-observatorio-de-la-sostenibilidad-ambiental-de-la-provincia-de-alicante-de-la-umh-se-incorpora-a-la-red-de-observatorios-nacionales","status":"publish","type":"post","link":"https:\/\/comunicacion.umh.es\/ca\/2012\/07\/11\/el-observatorio-de-la-sostenibilidad-ambiental-de-la-provincia-de-alicante-de-la-umh-se-incorpora-a-la-red-de-observatorios-nacionales\/","title":{"rendered":"<span lang=\"es\">(Espa\u00f1ol) El Observatorio de la Sostenibilidad Ambiental de la Provincia de Alicante de la UMH se incorpora a la red de Observatorios Nacionales<\/span>"},"content":{"rendered":"<p class=\"qtranxs-available-languages-message qtranxs-available-languages-message-ca\">Ho sent, per\u00f2 aquesta entrada nom\u00e9s est\u00e0 disponible en <a href=\"https:\/\/comunicacion.umh.es\/es\/wp-json\/wp\/v2\/posts\/53223\" class=\"qtranxs-available-language-link qtranxs-available-language-link-es\" title=\"Espa\u00f1ol\">Espanyol Europeu<\/a>.<\/p>","protected":false},"excerpt":{"rendered":"<p>Ho sent, per\u00f2 aquesta entrada nom\u00e9s est\u00e0 disponible en Espanyol Europeu.<\/p>\n","protected":false},"author":1773,"featured_media":0,"comment_status":"closed","ping_status":"open","sticky":false,"template":"","format":"standard","meta":{"ngg_post_thumbnail":0,"_links_to":"","_links_to_target":""},"categories":[770,69,2782,2783,43,2785,2420],"tags":[],"_links":{"self":[{"href":"https:\/\/comunicacion.umh.es\/ca\/wp-json\/wp\/v2\/posts\/53223"}],"collection":[{"href":"https:\/\/comunicacion.umh.es\/ca\/wp-json\/wp\/v2\/posts"}],"about":[{"href":"https:\/\/comunicacion.umh.es\/ca\/wp-json\/wp\/v2\/types\/post"}],"author":[{"embeddable":true,"href":"https:\/\/comunicacion.umh.es\/ca\/wp-json\/wp\/v2\/users\/1773"}],"replies":[{"embeddable":true,"href":"https:\/\/comunicacion.umh.es\/ca\/wp-json\/wp\/v2\/comments?post=53223"}],"version-history":[{"count":0,"href":"https:\/\/comunicacion.umh.es\/ca\/wp-json\/wp\/v2\/posts\/53223\/revisions"}],"wp:attachment":[{"href":"https:\/\/comunicacion.umh.es\/ca\/wp-json\/wp\/v2\/media?parent=53223"}],"wp:term":[{"taxonomy":"category","embeddable":true,"href":"https:\/\/comunicacion.umh.es\/ca\/wp-json\/wp\/v2\/categories?post=53223"},{"taxonomy":"post_tag","embeddable":true,"href":"https:\/\/comunicacion.umh.es\/ca\/wp-json\/wp\/v2\/tags?post=53223"}],"curies":[{"name":"wp","href":"https:\/\/api.w.org\/{rel}","templated":true}]}}