{"id":53241,"date":"2012-07-12T11:35:19","date_gmt":"2012-07-12T09:35:19","guid":{"rendered":"http:\/\/comunicacion.umh.es\/2012\/07\/12\/la-umh-organiza-una-jornada-cientifica-para-difundir-el-trabajo-de-los-investigadores-del-instituto-de-biologia-molecular-y-celular\/"},"modified":"2012-07-12T11:35:19","modified_gmt":"2012-07-12T09:35:19","slug":"la-umh-organiza-una-jornada-cientifica-para-difundir-el-trabajo-de-los-investigadores-del-instituto-de-biologia-molecular-y-celular","status":"publish","type":"post","link":"https:\/\/comunicacion.umh.es\/ca\/2012\/07\/12\/la-umh-organiza-una-jornada-cientifica-para-difundir-el-trabajo-de-los-investigadores-del-instituto-de-biologia-molecular-y-celular\/","title":{"rendered":"<span lang=\"es\">(Espa\u00f1ol) La UMH organiza una Jornada Cient\u00edfica para difundir el trabajo de los investigadores del Instituto de Biolog\u00eda Molecular y Celular<\/span>"},"content":{"rendered":"<p class=\"qtranxs-available-languages-message qtranxs-available-languages-message-ca\">Ho sent, per\u00f2 aquesta entrada nom\u00e9s est\u00e0 disponible en <a href=\"https:\/\/comunicacion.umh.es\/es\/wp-json\/wp\/v2\/posts\/53241\" class=\"qtranxs-available-language-link qtranxs-available-language-link-es\" title=\"Espa\u00f1ol\">Espanyol Europeu<\/a>.<\/p>","protected":false},"excerpt":{"rendered":"<p>Ho sent, per\u00f2 aquesta entrada nom\u00e9s est\u00e0 disponible en Espanyol Europeu.<\/p>\n","protected":false},"author":1773,"featured_media":0,"comment_status":"closed","ping_status":"open","sticky":false,"template":"","format":"standard","meta":{"ngg_post_thumbnail":0,"_links_to":"","_links_to_target":""},"categories":[770,69,2782,191,2786,43,2778,2787],"tags":[],"_links":{"self":[{"href":"https:\/\/comunicacion.umh.es\/ca\/wp-json\/wp\/v2\/posts\/53241"}],"collection":[{"href":"https:\/\/comunicacion.umh.es\/ca\/wp-json\/wp\/v2\/posts"}],"about":[{"href":"https:\/\/comunicacion.umh.es\/ca\/wp-json\/wp\/v2\/types\/post"}],"author":[{"embeddable":true,"href":"https:\/\/comunicacion.umh.es\/ca\/wp-json\/wp\/v2\/users\/1773"}],"replies":[{"embeddable":true,"href":"https:\/\/comunicacion.umh.es\/ca\/wp-json\/wp\/v2\/comments?post=53241"}],"version-history":[{"count":0,"href":"https:\/\/comunicacion.umh.es\/ca\/wp-json\/wp\/v2\/posts\/53241\/revisions"}],"wp:attachment":[{"href":"https:\/\/comunicacion.umh.es\/ca\/wp-json\/wp\/v2\/media?parent=53241"}],"wp:term":[{"taxonomy":"category","embeddable":true,"href":"https:\/\/comunicacion.umh.es\/ca\/wp-json\/wp\/v2\/categories?post=53241"},{"taxonomy":"post_tag","embeddable":true,"href":"https:\/\/comunicacion.umh.es\/ca\/wp-json\/wp\/v2\/tags?post=53241"}],"curies":[{"name":"wp","href":"https:\/\/api.w.org\/{rel}","templated":true}]}}