{"id":53276,"date":"2012-07-13T12:24:47","date_gmt":"2012-07-13T10:24:47","guid":{"rendered":"http:\/\/comunicacion.umh.es\/2012\/07\/13\/la-umh-organiza-la-jornada-experiencias-de-creacion-de-empresas-tecnologicas-en-bioingenieria-crisis-y-oportunidad\/"},"modified":"2012-07-13T12:24:47","modified_gmt":"2012-07-13T10:24:47","slug":"la-umh-organiza-la-jornada-experiencias-de-creacion-de-empresas-tecnologicas-en-bioingenieria-crisis-y-oportunidad","status":"publish","type":"post","link":"https:\/\/comunicacion.umh.es\/ca\/2012\/07\/13\/la-umh-organiza-la-jornada-experiencias-de-creacion-de-empresas-tecnologicas-en-bioingenieria-crisis-y-oportunidad\/","title":{"rendered":"<span lang=\"es\">(Espa\u00f1ol) La UMH organiza la jornada &#8220;Experiencias de creaci\u00f3n de empresas tecnol\u00f3gicas en Bioingenier\u00eda. Crisis y oportunidad&#8221;<\/span>"},"content":{"rendered":"<p class=\"qtranxs-available-languages-message qtranxs-available-languages-message-ca\">Ho sent, per\u00f2 aquesta entrada nom\u00e9s est\u00e0 disponible en <a href=\"https:\/\/comunicacion.umh.es\/es\/wp-json\/wp\/v2\/posts\/53276\" class=\"qtranxs-available-language-link qtranxs-available-language-link-es\" title=\"Espa\u00f1ol\">Espanyol Europeu<\/a>.<\/p>","protected":false},"excerpt":{"rendered":"<p>Ho sent, per\u00f2 aquesta entrada nom\u00e9s est\u00e0 disponible en Espanyol Europeu.<\/p>\n","protected":false},"author":1773,"featured_media":0,"comment_status":"closed","ping_status":"open","sticky":false,"template":"","format":"standard","meta":{"ngg_post_thumbnail":0,"_links_to":"","_links_to_target":""},"categories":[770,69,2782,191,2790,43,2778],"tags":[],"_links":{"self":[{"href":"https:\/\/comunicacion.umh.es\/ca\/wp-json\/wp\/v2\/posts\/53276"}],"collection":[{"href":"https:\/\/comunicacion.umh.es\/ca\/wp-json\/wp\/v2\/posts"}],"about":[{"href":"https:\/\/comunicacion.umh.es\/ca\/wp-json\/wp\/v2\/types\/post"}],"author":[{"embeddable":true,"href":"https:\/\/comunicacion.umh.es\/ca\/wp-json\/wp\/v2\/users\/1773"}],"replies":[{"embeddable":true,"href":"https:\/\/comunicacion.umh.es\/ca\/wp-json\/wp\/v2\/comments?post=53276"}],"version-history":[{"count":0,"href":"https:\/\/comunicacion.umh.es\/ca\/wp-json\/wp\/v2\/posts\/53276\/revisions"}],"wp:attachment":[{"href":"https:\/\/comunicacion.umh.es\/ca\/wp-json\/wp\/v2\/media?parent=53276"}],"wp:term":[{"taxonomy":"category","embeddable":true,"href":"https:\/\/comunicacion.umh.es\/ca\/wp-json\/wp\/v2\/categories?post=53276"},{"taxonomy":"post_tag","embeddable":true,"href":"https:\/\/comunicacion.umh.es\/ca\/wp-json\/wp\/v2\/tags?post=53276"}],"curies":[{"name":"wp","href":"https:\/\/api.w.org\/{rel}","templated":true}]}}