{"id":53359,"date":"2012-07-17T13:29:32","date_gmt":"2012-07-17T11:29:32","guid":{"rendered":"http:\/\/comunicacion.umh.es\/?p=53359"},"modified":"2012-07-17T13:31:39","modified_gmt":"2012-07-17T11:31:39","slug":"investigadores-de-la-umh-se-reunen-con-empresarios-de-la-provincia-de-alicante-para-presentar-la-oferta-tecnologica-en-%e2%80%9cmineria-de-datos%e2%80%9d","status":"publish","type":"post","link":"https:\/\/comunicacion.umh.es\/ca\/2012\/07\/17\/investigadores-de-la-umh-se-reunen-con-empresarios-de-la-provincia-de-alicante-para-presentar-la-oferta-tecnologica-en-%e2%80%9cmineria-de-datos%e2%80%9d\/","title":{"rendered":"<span lang=\"es\">(Espa\u00f1ol) Investigadores de la UMH se re\u00fanen con empresarios de la provincia de Alicante para presentar la oferta tecnol\u00f3gica en \u201cMiner\u00eda de Datos\u201d<\/span>"},"content":{"rendered":"<p><\/p>\n<p><p><!--more--><\/p>\n<\/p>\n<p><\/p>","protected":false},"excerpt":{"rendered":"","protected":false},"author":2671,"featured_media":0,"comment_status":"closed","ping_status":"open","sticky":false,"template":"","format":"standard","meta":{"ngg_post_thumbnail":0,"_links_to":"","_links_to_target":""},"categories":[770,69,2782,191,43,2778,2787],"tags":[],"_links":{"self":[{"href":"https:\/\/comunicacion.umh.es\/ca\/wp-json\/wp\/v2\/posts\/53359"}],"collection":[{"href":"https:\/\/comunicacion.umh.es\/ca\/wp-json\/wp\/v2\/posts"}],"about":[{"href":"https:\/\/comunicacion.umh.es\/ca\/wp-json\/wp\/v2\/types\/post"}],"author":[{"embeddable":true,"href":"https:\/\/comunicacion.umh.es\/ca\/wp-json\/wp\/v2\/users\/2671"}],"replies":[{"embeddable":true,"href":"https:\/\/comunicacion.umh.es\/ca\/wp-json\/wp\/v2\/comments?post=53359"}],"version-history":[{"count":0,"href":"https:\/\/comunicacion.umh.es\/ca\/wp-json\/wp\/v2\/posts\/53359\/revisions"}],"wp:attachment":[{"href":"https:\/\/comunicacion.umh.es\/ca\/wp-json\/wp\/v2\/media?parent=53359"}],"wp:term":[{"taxonomy":"category","embeddable":true,"href":"https:\/\/comunicacion.umh.es\/ca\/wp-json\/wp\/v2\/categories?post=53359"},{"taxonomy":"post_tag","embeddable":true,"href":"https:\/\/comunicacion.umh.es\/ca\/wp-json\/wp\/v2\/tags?post=53359"}],"curies":[{"name":"wp","href":"https:\/\/api.w.org\/{rel}","templated":true}]}}