{"id":53391,"date":"2012-07-18T12:12:33","date_gmt":"2012-07-18T10:12:33","guid":{"rendered":"http:\/\/comunicacion.umh.es\/2012\/07\/18\/la-umh-y-aotec-firman-un-convenio-de-colaboracion-para-apoyar-el-grado-en-ingenieria-informatica-en-tecnologias-de-la-informacion\/"},"modified":"2012-07-18T12:21:52","modified_gmt":"2012-07-18T10:21:52","slug":"la-umh-y-aotec-firman-un-convenio-de-colaboracion-para-apoyar-el-grado-en-ingenieria-informatica-en-tecnologias-de-la-informacion","status":"publish","type":"post","link":"https:\/\/comunicacion.umh.es\/ca\/2012\/07\/18\/la-umh-y-aotec-firman-un-convenio-de-colaboracion-para-apoyar-el-grado-en-ingenieria-informatica-en-tecnologias-de-la-informacion\/","title":{"rendered":"<span lang=\"es\">(Espa\u00f1ol) La UMH y AOTEC firman un convenio de colaboraci\u00f3n para apoyar el Grado en Ingenier\u00eda Inform\u00e1tica en Tecnolog\u00edas de la Informaci\u00f3n<\/span>"},"content":{"rendered":"<p><\/p>\n<p><!--more--><\/p>\n<p><\/p>","protected":false},"excerpt":{"rendered":"","protected":false},"author":1773,"featured_media":0,"comment_status":"closed","ping_status":"open","sticky":false,"template":"","format":"standard","meta":{"ngg_post_thumbnail":0,"_links_to":"","_links_to_target":""},"categories":[770,570,69,2782,2783,43,2778,2420],"tags":[],"_links":{"self":[{"href":"https:\/\/comunicacion.umh.es\/ca\/wp-json\/wp\/v2\/posts\/53391"}],"collection":[{"href":"https:\/\/comunicacion.umh.es\/ca\/wp-json\/wp\/v2\/posts"}],"about":[{"href":"https:\/\/comunicacion.umh.es\/ca\/wp-json\/wp\/v2\/types\/post"}],"author":[{"embeddable":true,"href":"https:\/\/comunicacion.umh.es\/ca\/wp-json\/wp\/v2\/users\/1773"}],"replies":[{"embeddable":true,"href":"https:\/\/comunicacion.umh.es\/ca\/wp-json\/wp\/v2\/comments?post=53391"}],"version-history":[{"count":0,"href":"https:\/\/comunicacion.umh.es\/ca\/wp-json\/wp\/v2\/posts\/53391\/revisions"}],"wp:attachment":[{"href":"https:\/\/comunicacion.umh.es\/ca\/wp-json\/wp\/v2\/media?parent=53391"}],"wp:term":[{"taxonomy":"category","embeddable":true,"href":"https:\/\/comunicacion.umh.es\/ca\/wp-json\/wp\/v2\/categories?post=53391"},{"taxonomy":"post_tag","embeddable":true,"href":"https:\/\/comunicacion.umh.es\/ca\/wp-json\/wp\/v2\/tags?post=53391"}],"curies":[{"name":"wp","href":"https:\/\/api.w.org\/{rel}","templated":true}]}}