{"id":53910,"date":"2012-09-06T12:46:52","date_gmt":"2012-09-06T10:46:52","guid":{"rendered":"http:\/\/comunicacion.umh.es\/2012\/09\/06\/la-umh-bajo-la-coordinacion-del-centro-de-cooperacion-al-desarrollo-y-voluntariado-dispone-desde-2008-de-3-contenedores-situados-uno-en-el-campus-de-sant-joan-d%e2%80%99alacant-y-los-otros-dos-en-e\/"},"modified":"2012-09-06T13:07:59","modified_gmt":"2012-09-06T11:07:59","slug":"la-umh-bajo-la-coordinacion-del-centro-de-cooperacion-al-desarrollo-y-voluntariado-dispone-desde-2008-de-3-contenedores-situados-uno-en-el-campus-de-sant-joan-d%e2%80%99alacant-y-los-otros-dos-en-e","status":"publish","type":"post","link":"https:\/\/comunicacion.umh.es\/ca\/2012\/09\/06\/la-umh-bajo-la-coordinacion-del-centro-de-cooperacion-al-desarrollo-y-voluntariado-dispone-desde-2008-de-3-contenedores-situados-uno-en-el-campus-de-sant-joan-d%e2%80%99alacant-y-los-otros-dos-en-e\/","title":{"rendered":"<span lang=\"es\">(Espa\u00f1ol) La vicerrectora de la UMH Mar\u00eda Teresa P\u00e9rez V\u00e1zquez presenta el libro \u201cNostalgias de Mon\u00f3var\u201d de Alfredo Rico<\/span>"},"content":{"rendered":"<p><\/p>\n<p><p><!--more--><\/p>\n<\/p>\n<p><\/p>","protected":false},"excerpt":{"rendered":"","protected":false},"author":2677,"featured_media":0,"comment_status":"closed","ping_status":"open","sticky":false,"template":"","format":"standard","meta":{"ngg_post_thumbnail":0,"_links_to":"","_links_to_target":""},"categories":[794,770,87,69,2782,43,2778,394,2788,2918],"tags":[],"_links":{"self":[{"href":"https:\/\/comunicacion.umh.es\/ca\/wp-json\/wp\/v2\/posts\/53910"}],"collection":[{"href":"https:\/\/comunicacion.umh.es\/ca\/wp-json\/wp\/v2\/posts"}],"about":[{"href":"https:\/\/comunicacion.umh.es\/ca\/wp-json\/wp\/v2\/types\/post"}],"author":[{"embeddable":true,"href":"https:\/\/comunicacion.umh.es\/ca\/wp-json\/wp\/v2\/users\/2677"}],"replies":[{"embeddable":true,"href":"https:\/\/comunicacion.umh.es\/ca\/wp-json\/wp\/v2\/comments?post=53910"}],"version-history":[{"count":0,"href":"https:\/\/comunicacion.umh.es\/ca\/wp-json\/wp\/v2\/posts\/53910\/revisions"}],"wp:attachment":[{"href":"https:\/\/comunicacion.umh.es\/ca\/wp-json\/wp\/v2\/media?parent=53910"}],"wp:term":[{"taxonomy":"category","embeddable":true,"href":"https:\/\/comunicacion.umh.es\/ca\/wp-json\/wp\/v2\/categories?post=53910"},{"taxonomy":"post_tag","embeddable":true,"href":"https:\/\/comunicacion.umh.es\/ca\/wp-json\/wp\/v2\/tags?post=53910"}],"curies":[{"name":"wp","href":"https:\/\/api.w.org\/{rel}","templated":true}]}}