{"id":54384,"date":"2012-09-19T12:29:09","date_gmt":"2012-09-19T10:29:09","guid":{"rendered":"http:\/\/comunicacion.umh.es\/2012\/09\/19\/el-profesor-de-la-umh-antonio-ruiz-canales-participa-en-el-iv-congreso-nacional-de-riegos-y-drenajes-en-portugal\/"},"modified":"2012-09-19T12:29:09","modified_gmt":"2012-09-19T10:29:09","slug":"el-profesor-de-la-umh-antonio-ruiz-canales-participa-en-el-iv-congreso-nacional-de-riegos-y-drenajes-en-portugal","status":"publish","type":"post","link":"https:\/\/comunicacion.umh.es\/ca\/2012\/09\/19\/el-profesor-de-la-umh-antonio-ruiz-canales-participa-en-el-iv-congreso-nacional-de-riegos-y-drenajes-en-portugal\/","title":{"rendered":"<span lang=\"es\">(Espa\u00f1ol) El profesor de la UMH Antonio Ruiz Canales participa en el IV Congreso Nacional de Riegos y Drenajes en Portugal<\/span>"},"content":{"rendered":"<p class=\"qtranxs-available-languages-message qtranxs-available-languages-message-ca\">Ho sent, per\u00f2 aquesta entrada nom\u00e9s est\u00e0 disponible en <a href=\"https:\/\/comunicacion.umh.es\/es\/wp-json\/wp\/v2\/posts\/54384\" class=\"qtranxs-available-language-link qtranxs-available-language-link-es\" title=\"Espa\u00f1ol\">Espanyol Europeu<\/a>.<\/p>","protected":false},"excerpt":{"rendered":"<p>Ho sent, per\u00f2 aquesta entrada nom\u00e9s est\u00e0 disponible en Espanyol Europeu.<\/p>\n","protected":false},"author":2677,"featured_media":0,"comment_status":"closed","ping_status":"open","sticky":false,"template":"","format":"standard","meta":{"ngg_post_thumbnail":0,"_links_to":"","_links_to_target":""},"categories":[770,2782,191,43,394,2787],"tags":[],"_links":{"self":[{"href":"https:\/\/comunicacion.umh.es\/ca\/wp-json\/wp\/v2\/posts\/54384"}],"collection":[{"href":"https:\/\/comunicacion.umh.es\/ca\/wp-json\/wp\/v2\/posts"}],"about":[{"href":"https:\/\/comunicacion.umh.es\/ca\/wp-json\/wp\/v2\/types\/post"}],"author":[{"embeddable":true,"href":"https:\/\/comunicacion.umh.es\/ca\/wp-json\/wp\/v2\/users\/2677"}],"replies":[{"embeddable":true,"href":"https:\/\/comunicacion.umh.es\/ca\/wp-json\/wp\/v2\/comments?post=54384"}],"version-history":[{"count":0,"href":"https:\/\/comunicacion.umh.es\/ca\/wp-json\/wp\/v2\/posts\/54384\/revisions"}],"wp:attachment":[{"href":"https:\/\/comunicacion.umh.es\/ca\/wp-json\/wp\/v2\/media?parent=54384"}],"wp:term":[{"taxonomy":"category","embeddable":true,"href":"https:\/\/comunicacion.umh.es\/ca\/wp-json\/wp\/v2\/categories?post=54384"},{"taxonomy":"post_tag","embeddable":true,"href":"https:\/\/comunicacion.umh.es\/ca\/wp-json\/wp\/v2\/tags?post=54384"}],"curies":[{"name":"wp","href":"https:\/\/api.w.org\/{rel}","templated":true}]}}