{"id":55185,"date":"2012-10-16T13:05:49","date_gmt":"2012-10-16T11:05:49","guid":{"rendered":"http:\/\/comunicacion.umh.es\/2012\/10\/16\/dos-profesores-de-la-umh-editan-el-librolas-imagenes-de-la-salud-cartelismo-sanitario-en-espana-1910-1950\/"},"modified":"2012-10-16T13:05:49","modified_gmt":"2012-10-16T11:05:49","slug":"dos-profesores-de-la-umh-editan-el-librolas-imagenes-de-la-salud-cartelismo-sanitario-en-espana-1910-1950","status":"publish","type":"post","link":"https:\/\/comunicacion.umh.es\/ca\/2012\/10\/16\/dos-profesores-de-la-umh-editan-el-librolas-imagenes-de-la-salud-cartelismo-sanitario-en-espana-1910-1950\/","title":{"rendered":"<span lang=\"es\">(Espa\u00f1ol) Dos profesores de la UMH editan el libro&#8221;Las im\u00e1genes de la salud: cartelismo sanitario en Espa\u00f1a (1910-1950)&#8221;<\/span>"},"content":{"rendered":"<p class=\"qtranxs-available-languages-message qtranxs-available-languages-message-ca\">Ho sent, per\u00f2 aquesta entrada nom\u00e9s est\u00e0 disponible en <a href=\"https:\/\/comunicacion.umh.es\/es\/wp-json\/wp\/v2\/posts\/55185\" class=\"qtranxs-available-language-link qtranxs-available-language-link-es\" title=\"Espa\u00f1ol\">Espanyol Europeu<\/a>.<\/p>","protected":false},"excerpt":{"rendered":"<p>Ho sent, per\u00f2 aquesta entrada nom\u00e9s est\u00e0 disponible en Espanyol Europeu.<\/p>\n","protected":false},"author":2677,"featured_media":0,"comment_status":"closed","ping_status":"open","sticky":false,"template":"","format":"standard","meta":{"ngg_post_thumbnail":0,"_links_to":"","_links_to_target":""},"categories":[770,2782,191,43,2918,2787],"tags":[],"_links":{"self":[{"href":"https:\/\/comunicacion.umh.es\/ca\/wp-json\/wp\/v2\/posts\/55185"}],"collection":[{"href":"https:\/\/comunicacion.umh.es\/ca\/wp-json\/wp\/v2\/posts"}],"about":[{"href":"https:\/\/comunicacion.umh.es\/ca\/wp-json\/wp\/v2\/types\/post"}],"author":[{"embeddable":true,"href":"https:\/\/comunicacion.umh.es\/ca\/wp-json\/wp\/v2\/users\/2677"}],"replies":[{"embeddable":true,"href":"https:\/\/comunicacion.umh.es\/ca\/wp-json\/wp\/v2\/comments?post=55185"}],"version-history":[{"count":0,"href":"https:\/\/comunicacion.umh.es\/ca\/wp-json\/wp\/v2\/posts\/55185\/revisions"}],"wp:attachment":[{"href":"https:\/\/comunicacion.umh.es\/ca\/wp-json\/wp\/v2\/media?parent=55185"}],"wp:term":[{"taxonomy":"category","embeddable":true,"href":"https:\/\/comunicacion.umh.es\/ca\/wp-json\/wp\/v2\/categories?post=55185"},{"taxonomy":"post_tag","embeddable":true,"href":"https:\/\/comunicacion.umh.es\/ca\/wp-json\/wp\/v2\/tags?post=55185"}],"curies":[{"name":"wp","href":"https:\/\/api.w.org\/{rel}","templated":true}]}}