{"id":55511,"date":"2012-10-23T12:11:14","date_gmt":"2012-10-23T10:11:14","guid":{"rendered":"http:\/\/comunicacion.umh.es\/2012\/10\/23\/el-profesor-de-la-umh-fernando-miro-imparte-la-conferencia-inaugural-de-la-xxiii-edicion-del-seminario-duque-de-ahumada\/"},"modified":"2012-10-23T14:08:08","modified_gmt":"2012-10-23T12:08:08","slug":"el-profesor-de-la-umh-fernando-miro-imparte-la-conferencia-inaugural-de-la-xxiii-edicion-del-seminario-duque-de-ahumada","status":"publish","type":"post","link":"https:\/\/comunicacion.umh.es\/ca\/2012\/10\/23\/el-profesor-de-la-umh-fernando-miro-imparte-la-conferencia-inaugural-de-la-xxiii-edicion-del-seminario-duque-de-ahumada\/","title":{"rendered":"<span lang=\"es\">(Espa\u00f1ol) El profesor de la UMH Fernando Mir\u00f3 imparte la conferencia inaugural de la XXIII edici\u00f3n del seminario &#8220;Duque de Ahumada&#8221;<\/span>"},"content":{"rendered":"<p><\/p>\n<p><p><!--more--><\/p>\n<\/p>\n<p><\/p>","protected":false},"excerpt":{"rendered":"","protected":false},"author":2693,"featured_media":0,"comment_status":"closed","ping_status":"open","sticky":false,"template":"","format":"standard","meta":{"ngg_post_thumbnail":0,"_links_to":"","_links_to_target":""},"categories":[770,69,2782,191,43,2787],"tags":[],"_links":{"self":[{"href":"https:\/\/comunicacion.umh.es\/ca\/wp-json\/wp\/v2\/posts\/55511"}],"collection":[{"href":"https:\/\/comunicacion.umh.es\/ca\/wp-json\/wp\/v2\/posts"}],"about":[{"href":"https:\/\/comunicacion.umh.es\/ca\/wp-json\/wp\/v2\/types\/post"}],"author":[{"embeddable":true,"href":"https:\/\/comunicacion.umh.es\/ca\/wp-json\/wp\/v2\/users\/2693"}],"replies":[{"embeddable":true,"href":"https:\/\/comunicacion.umh.es\/ca\/wp-json\/wp\/v2\/comments?post=55511"}],"version-history":[{"count":0,"href":"https:\/\/comunicacion.umh.es\/ca\/wp-json\/wp\/v2\/posts\/55511\/revisions"}],"wp:attachment":[{"href":"https:\/\/comunicacion.umh.es\/ca\/wp-json\/wp\/v2\/media?parent=55511"}],"wp:term":[{"taxonomy":"category","embeddable":true,"href":"https:\/\/comunicacion.umh.es\/ca\/wp-json\/wp\/v2\/categories?post=55511"},{"taxonomy":"post_tag","embeddable":true,"href":"https:\/\/comunicacion.umh.es\/ca\/wp-json\/wp\/v2\/tags?post=55511"}],"curies":[{"name":"wp","href":"https:\/\/api.w.org\/{rel}","templated":true}]}}