{"id":55522,"date":"2012-10-23T12:46:48","date_gmt":"2012-10-23T10:46:48","guid":{"rendered":"http:\/\/comunicacion.umh.es\/2012\/10\/23\/mas-de-250-alumnos-participan-en-la-viii-edicion-del-congreso-de-estudiantes-de-farmacia-de-alicante\/"},"modified":"2012-10-23T12:46:48","modified_gmt":"2012-10-23T10:46:48","slug":"mas-de-250-alumnos-participan-en-la-viii-edicion-del-congreso-de-estudiantes-de-farmacia-de-alicante","status":"publish","type":"post","link":"https:\/\/comunicacion.umh.es\/ca\/2012\/10\/23\/mas-de-250-alumnos-participan-en-la-viii-edicion-del-congreso-de-estudiantes-de-farmacia-de-alicante\/","title":{"rendered":"<span lang=\"es\">(Espa\u00f1ol) M\u00e1s de 250 alumnos participan en la VIII edici\u00f3n del Congreso de Estudiantes de Farmacia de Alicante<\/span>"},"content":{"rendered":"<p class=\"qtranxs-available-languages-message qtranxs-available-languages-message-ca\">Ho sent, per\u00f2 aquesta entrada nom\u00e9s est\u00e0 disponible en <a href=\"https:\/\/comunicacion.umh.es\/es\/wp-json\/wp\/v2\/posts\/55522\" class=\"qtranxs-available-language-link qtranxs-available-language-link-es\" title=\"Espa\u00f1ol\">Espanyol Europeu<\/a>.<\/p>","protected":false},"excerpt":{"rendered":"<p>Ho sent, per\u00f2 aquesta entrada nom\u00e9s est\u00e0 disponible en Espanyol Europeu.<\/p>\n","protected":false},"author":2671,"featured_media":0,"comment_status":"closed","ping_status":"open","sticky":false,"template":"","format":"standard","meta":{"ngg_post_thumbnail":0,"_links_to":"","_links_to_target":""},"categories":[770,2789,2782,2790,43,2918],"tags":[],"_links":{"self":[{"href":"https:\/\/comunicacion.umh.es\/ca\/wp-json\/wp\/v2\/posts\/55522"}],"collection":[{"href":"https:\/\/comunicacion.umh.es\/ca\/wp-json\/wp\/v2\/posts"}],"about":[{"href":"https:\/\/comunicacion.umh.es\/ca\/wp-json\/wp\/v2\/types\/post"}],"author":[{"embeddable":true,"href":"https:\/\/comunicacion.umh.es\/ca\/wp-json\/wp\/v2\/users\/2671"}],"replies":[{"embeddable":true,"href":"https:\/\/comunicacion.umh.es\/ca\/wp-json\/wp\/v2\/comments?post=55522"}],"version-history":[{"count":0,"href":"https:\/\/comunicacion.umh.es\/ca\/wp-json\/wp\/v2\/posts\/55522\/revisions"}],"wp:attachment":[{"href":"https:\/\/comunicacion.umh.es\/ca\/wp-json\/wp\/v2\/media?parent=55522"}],"wp:term":[{"taxonomy":"category","embeddable":true,"href":"https:\/\/comunicacion.umh.es\/ca\/wp-json\/wp\/v2\/categories?post=55522"},{"taxonomy":"post_tag","embeddable":true,"href":"https:\/\/comunicacion.umh.es\/ca\/wp-json\/wp\/v2\/tags?post=55522"}],"curies":[{"name":"wp","href":"https:\/\/api.w.org\/{rel}","templated":true}]}}