{"id":56485,"date":"2012-11-20T12:43:56","date_gmt":"2012-11-20T11:43:56","guid":{"rendered":"http:\/\/comunicacion.umh.es\/2012\/11\/20\/la-umh-acoge-la-conferencia-%e2%80%9cmimetizacion-funcional-de-enzimas-para-diseno-de-catalizadores-solidos%e2%80%9d-del-investigador-avelino-corma\/"},"modified":"2012-11-20T12:43:56","modified_gmt":"2012-11-20T11:43:56","slug":"la-umh-acoge-la-conferencia-%e2%80%9cmimetizacion-funcional-de-enzimas-para-diseno-de-catalizadores-solidos%e2%80%9d-del-investigador-avelino-corma","status":"publish","type":"post","link":"https:\/\/comunicacion.umh.es\/ca\/2012\/11\/20\/la-umh-acoge-la-conferencia-%e2%80%9cmimetizacion-funcional-de-enzimas-para-diseno-de-catalizadores-solidos%e2%80%9d-del-investigador-avelino-corma\/","title":{"rendered":"<span lang=\"es\">(Espa\u00f1ol) La UMH acoge la conferencia \u201cMimetizaci\u00f3n funcional de enzimas para dise\u00f1o de catalizadores s\u00f3lidos\u201d del investigador Avelino Corma<\/span>"},"content":{"rendered":"<p class=\"qtranxs-available-languages-message qtranxs-available-languages-message-ca\">Ho sent, per\u00f2 aquesta entrada nom\u00e9s est\u00e0 disponible en <a href=\"https:\/\/comunicacion.umh.es\/es\/wp-json\/wp\/v2\/posts\/56485\" class=\"qtranxs-available-language-link qtranxs-available-language-link-es\" title=\"Espa\u00f1ol\">Espanyol Europeu<\/a>.<\/p>","protected":false},"excerpt":{"rendered":"<p>Ho sent, per\u00f2 aquesta entrada nom\u00e9s est\u00e0 disponible en Espanyol Europeu.<\/p>\n","protected":false},"author":2677,"featured_media":0,"comment_status":"closed","ping_status":"open","sticky":false,"template":"","format":"standard","meta":{"ngg_post_thumbnail":0,"_links_to":"","_links_to_target":""},"categories":[770,2782,191,2790,43,2918,2787],"tags":[],"_links":{"self":[{"href":"https:\/\/comunicacion.umh.es\/ca\/wp-json\/wp\/v2\/posts\/56485"}],"collection":[{"href":"https:\/\/comunicacion.umh.es\/ca\/wp-json\/wp\/v2\/posts"}],"about":[{"href":"https:\/\/comunicacion.umh.es\/ca\/wp-json\/wp\/v2\/types\/post"}],"author":[{"embeddable":true,"href":"https:\/\/comunicacion.umh.es\/ca\/wp-json\/wp\/v2\/users\/2677"}],"replies":[{"embeddable":true,"href":"https:\/\/comunicacion.umh.es\/ca\/wp-json\/wp\/v2\/comments?post=56485"}],"version-history":[{"count":0,"href":"https:\/\/comunicacion.umh.es\/ca\/wp-json\/wp\/v2\/posts\/56485\/revisions"}],"wp:attachment":[{"href":"https:\/\/comunicacion.umh.es\/ca\/wp-json\/wp\/v2\/media?parent=56485"}],"wp:term":[{"taxonomy":"category","embeddable":true,"href":"https:\/\/comunicacion.umh.es\/ca\/wp-json\/wp\/v2\/categories?post=56485"},{"taxonomy":"post_tag","embeddable":true,"href":"https:\/\/comunicacion.umh.es\/ca\/wp-json\/wp\/v2\/tags?post=56485"}],"curies":[{"name":"wp","href":"https:\/\/api.w.org\/{rel}","templated":true}]}}