{"id":56750,"date":"2012-11-26T13:35:50","date_gmt":"2012-11-26T12:35:50","guid":{"rendered":"http:\/\/comunicacion.umh.es\/2012\/11\/26\/la-umh-dedica-una-sesion-a-los-estudiantes-de-la-titulacion-de-fisioterapia-dentro-de-las-xvi-jornadas-de-empleo\/"},"modified":"2012-11-26T13:51:17","modified_gmt":"2012-11-26T12:51:17","slug":"la-umh-dedica-una-sesion-a-los-estudiantes-de-la-titulacion-de-fisioterapia-dentro-de-las-xvi-jornadas-de-empleo","status":"publish","type":"post","link":"https:\/\/comunicacion.umh.es\/ca\/2012\/11\/26\/la-umh-dedica-una-sesion-a-los-estudiantes-de-la-titulacion-de-fisioterapia-dentro-de-las-xvi-jornadas-de-empleo\/","title":{"rendered":"<span lang=\"es\">(Espa\u00f1ol) La UMH dedica una sesi\u00f3n a los estudiantes de la titulaci\u00f3n de Fisioterapia dentro de las XVI Jornadas de Empleo<\/span>"},"content":{"rendered":"<p><\/p>\n<p><!--more--><\/p>\n<p><\/p>","protected":false},"excerpt":{"rendered":"","protected":false},"author":2677,"featured_media":0,"comment_status":"closed","ping_status":"open","sticky":false,"template":"","format":"standard","meta":{"ngg_post_thumbnail":0,"_links_to":"","_links_to_target":""},"categories":[770,2782,2790,43,2918],"tags":[],"_links":{"self":[{"href":"https:\/\/comunicacion.umh.es\/ca\/wp-json\/wp\/v2\/posts\/56750"}],"collection":[{"href":"https:\/\/comunicacion.umh.es\/ca\/wp-json\/wp\/v2\/posts"}],"about":[{"href":"https:\/\/comunicacion.umh.es\/ca\/wp-json\/wp\/v2\/types\/post"}],"author":[{"embeddable":true,"href":"https:\/\/comunicacion.umh.es\/ca\/wp-json\/wp\/v2\/users\/2677"}],"replies":[{"embeddable":true,"href":"https:\/\/comunicacion.umh.es\/ca\/wp-json\/wp\/v2\/comments?post=56750"}],"version-history":[{"count":0,"href":"https:\/\/comunicacion.umh.es\/ca\/wp-json\/wp\/v2\/posts\/56750\/revisions"}],"wp:attachment":[{"href":"https:\/\/comunicacion.umh.es\/ca\/wp-json\/wp\/v2\/media?parent=56750"}],"wp:term":[{"taxonomy":"category","embeddable":true,"href":"https:\/\/comunicacion.umh.es\/ca\/wp-json\/wp\/v2\/categories?post=56750"},{"taxonomy":"post_tag","embeddable":true,"href":"https:\/\/comunicacion.umh.es\/ca\/wp-json\/wp\/v2\/tags?post=56750"}],"curies":[{"name":"wp","href":"https:\/\/api.w.org\/{rel}","templated":true}]}}