{"id":58291,"date":"2013-01-31T11:14:50","date_gmt":"2013-01-31T10:14:50","guid":{"rendered":"http:\/\/comunicacion.umh.es\/2013\/01\/31\/casa-mediterraneo-reforzara-la-proyeccion-internacional-de-la-umh\/"},"modified":"2013-01-31T11:49:31","modified_gmt":"2013-01-31T10:49:31","slug":"casa-mediterraneo-reforzara-la-proyeccion-internacional-de-la-umh","status":"publish","type":"post","link":"https:\/\/comunicacion.umh.es\/ca\/2013\/01\/31\/casa-mediterraneo-reforzara-la-proyeccion-internacional-de-la-umh\/","title":{"rendered":"<span lang=\"es\">(Espa\u00f1ol) Casa Mediterr\u00e1neo reforzar\u00e1 la proyecci\u00f3n internacional de la UMH<\/span>"},"content":{"rendered":"<p><\/p>\n<p><!--more--><\/p>\n<p><\/p>","protected":false},"excerpt":{"rendered":"","protected":false},"author":2671,"featured_media":0,"comment_status":"closed","ping_status":"open","sticky":false,"template":"","format":"standard","meta":{"ngg_post_thumbnail":0,"_links_to":"","_links_to_target":""},"categories":[770,69,2782,2783,43,2778,2785],"tags":[],"_links":{"self":[{"href":"https:\/\/comunicacion.umh.es\/ca\/wp-json\/wp\/v2\/posts\/58291"}],"collection":[{"href":"https:\/\/comunicacion.umh.es\/ca\/wp-json\/wp\/v2\/posts"}],"about":[{"href":"https:\/\/comunicacion.umh.es\/ca\/wp-json\/wp\/v2\/types\/post"}],"author":[{"embeddable":true,"href":"https:\/\/comunicacion.umh.es\/ca\/wp-json\/wp\/v2\/users\/2671"}],"replies":[{"embeddable":true,"href":"https:\/\/comunicacion.umh.es\/ca\/wp-json\/wp\/v2\/comments?post=58291"}],"version-history":[{"count":0,"href":"https:\/\/comunicacion.umh.es\/ca\/wp-json\/wp\/v2\/posts\/58291\/revisions"}],"wp:attachment":[{"href":"https:\/\/comunicacion.umh.es\/ca\/wp-json\/wp\/v2\/media?parent=58291"}],"wp:term":[{"taxonomy":"category","embeddable":true,"href":"https:\/\/comunicacion.umh.es\/ca\/wp-json\/wp\/v2\/categories?post=58291"},{"taxonomy":"post_tag","embeddable":true,"href":"https:\/\/comunicacion.umh.es\/ca\/wp-json\/wp\/v2\/tags?post=58291"}],"curies":[{"name":"wp","href":"https:\/\/api.w.org\/{rel}","templated":true}]}}