{"id":58681,"date":"2013-02-14T12:28:33","date_gmt":"2013-02-14T11:28:33","guid":{"rendered":"http:\/\/comunicacion.umh.es\/2013\/02\/14\/el-investigador-del-instituto-cajal-javier-garzon-impartira-un-seminario-en-la-umh\/"},"modified":"2013-02-14T12:34:53","modified_gmt":"2013-02-14T11:34:53","slug":"el-investigador-del-instituto-cajal-javier-garzon-impartira-un-seminario-en-la-umh","status":"publish","type":"post","link":"https:\/\/comunicacion.umh.es\/ca\/2013\/02\/14\/el-investigador-del-instituto-cajal-javier-garzon-impartira-un-seminario-en-la-umh\/","title":{"rendered":"<span lang=\"es\">(Espa\u00f1ol) El investigador del Instituto Cajal Javier Garz\u00f3n impartir\u00e1 un seminario en la UMH<\/span>"},"content":{"rendered":"<p><\/p>\n<p><!--more--><\/p>\n<p><\/p>","protected":false},"excerpt":{"rendered":"","protected":false},"author":2677,"featured_media":0,"comment_status":"closed","ping_status":"open","sticky":false,"template":"","format":"standard","meta":{"ngg_post_thumbnail":0,"_links_to":"","_links_to_target":""},"categories":[770,2782,191,43,2918,2787],"tags":[],"_links":{"self":[{"href":"https:\/\/comunicacion.umh.es\/ca\/wp-json\/wp\/v2\/posts\/58681"}],"collection":[{"href":"https:\/\/comunicacion.umh.es\/ca\/wp-json\/wp\/v2\/posts"}],"about":[{"href":"https:\/\/comunicacion.umh.es\/ca\/wp-json\/wp\/v2\/types\/post"}],"author":[{"embeddable":true,"href":"https:\/\/comunicacion.umh.es\/ca\/wp-json\/wp\/v2\/users\/2677"}],"replies":[{"embeddable":true,"href":"https:\/\/comunicacion.umh.es\/ca\/wp-json\/wp\/v2\/comments?post=58681"}],"version-history":[{"count":0,"href":"https:\/\/comunicacion.umh.es\/ca\/wp-json\/wp\/v2\/posts\/58681\/revisions"}],"wp:attachment":[{"href":"https:\/\/comunicacion.umh.es\/ca\/wp-json\/wp\/v2\/media?parent=58681"}],"wp:term":[{"taxonomy":"category","embeddable":true,"href":"https:\/\/comunicacion.umh.es\/ca\/wp-json\/wp\/v2\/categories?post=58681"},{"taxonomy":"post_tag","embeddable":true,"href":"https:\/\/comunicacion.umh.es\/ca\/wp-json\/wp\/v2\/tags?post=58681"}],"curies":[{"name":"wp","href":"https:\/\/api.w.org\/{rel}","templated":true}]}}