{"id":58872,"date":"2013-02-21T12:49:56","date_gmt":"2013-02-21T11:49:56","guid":{"rendered":"http:\/\/comunicacion.umh.es\/?p=58872"},"modified":"2013-02-21T12:49:56","modified_gmt":"2013-02-21T11:49:56","slug":"la-umh-organiza-el-seminario-%e2%80%9cmedicion-de-la-actividad-fisica-y-la-condicion-fisica-de-forma-objetiva-y-su-relacion-con-la-salud%e2%80%9d","status":"publish","type":"post","link":"https:\/\/comunicacion.umh.es\/ca\/2013\/02\/21\/la-umh-organiza-el-seminario-%e2%80%9cmedicion-de-la-actividad-fisica-y-la-condicion-fisica-de-forma-objetiva-y-su-relacion-con-la-salud%e2%80%9d\/","title":{"rendered":"<span lang=\"es\">(Espa\u00f1ol) La UMH organiza el seminario \u201cMedici\u00f3n de la actividad f\u00edsica y la condici\u00f3n f\u00edsica de forma objetiva y su relaci\u00f3n con la salud\u201d<\/span>"},"content":{"rendered":"<p class=\"qtranxs-available-languages-message qtranxs-available-languages-message-ca\">Ho sent, per\u00f2 aquesta entrada nom\u00e9s est\u00e0 disponible en <a href=\"https:\/\/comunicacion.umh.es\/es\/wp-json\/wp\/v2\/posts\/58872\" class=\"qtranxs-available-language-link qtranxs-available-language-link-es\" title=\"Espa\u00f1ol\">Espanyol Europeu<\/a>.<\/p>","protected":false},"excerpt":{"rendered":"<p>Ho sent, per\u00f2 aquesta entrada nom\u00e9s est\u00e0 disponible en Espanyol Europeu.<\/p>\n","protected":false},"author":2693,"featured_media":0,"comment_status":"closed","ping_status":"open","sticky":false,"template":"","format":"standard","meta":{"ngg_post_thumbnail":0,"_links_to":"","_links_to_target":""},"categories":[770,69,2782,191,2790,43],"tags":[],"_links":{"self":[{"href":"https:\/\/comunicacion.umh.es\/ca\/wp-json\/wp\/v2\/posts\/58872"}],"collection":[{"href":"https:\/\/comunicacion.umh.es\/ca\/wp-json\/wp\/v2\/posts"}],"about":[{"href":"https:\/\/comunicacion.umh.es\/ca\/wp-json\/wp\/v2\/types\/post"}],"author":[{"embeddable":true,"href":"https:\/\/comunicacion.umh.es\/ca\/wp-json\/wp\/v2\/users\/2693"}],"replies":[{"embeddable":true,"href":"https:\/\/comunicacion.umh.es\/ca\/wp-json\/wp\/v2\/comments?post=58872"}],"version-history":[{"count":0,"href":"https:\/\/comunicacion.umh.es\/ca\/wp-json\/wp\/v2\/posts\/58872\/revisions"}],"wp:attachment":[{"href":"https:\/\/comunicacion.umh.es\/ca\/wp-json\/wp\/v2\/media?parent=58872"}],"wp:term":[{"taxonomy":"category","embeddable":true,"href":"https:\/\/comunicacion.umh.es\/ca\/wp-json\/wp\/v2\/categories?post=58872"},{"taxonomy":"post_tag","embeddable":true,"href":"https:\/\/comunicacion.umh.es\/ca\/wp-json\/wp\/v2\/tags?post=58872"}],"curies":[{"name":"wp","href":"https:\/\/api.w.org\/{rel}","templated":true}]}}