{"id":58943,"date":"2013-02-25T11:55:57","date_gmt":"2013-02-25T10:55:57","guid":{"rendered":"http:\/\/comunicacion.umh.es\/2013\/02\/25\/la-umh-debatira-sobre-la-crisis-economica-y-las-consecuencias-de-la-corrupcion-en-la-politica-espanola\/"},"modified":"2013-02-26T08:24:28","modified_gmt":"2013-02-26T07:24:28","slug":"la-umh-debatira-sobre-la-crisis-economica-y-las-consecuencias-de-la-corrupcion-en-la-politica-espanola","status":"publish","type":"post","link":"https:\/\/comunicacion.umh.es\/ca\/2013\/02\/25\/la-umh-debatira-sobre-la-crisis-economica-y-las-consecuencias-de-la-corrupcion-en-la-politica-espanola\/","title":{"rendered":"<span lang=\"es\">(Espa\u00f1ol) La UMH debatir\u00e1 sobre la crisis econ\u00f3mica y las consecuencias de la corrupci\u00f3n en la pol\u00edtica espa\u00f1ola<\/span>"},"content":{"rendered":"<p><\/p>\n<p><!--more--><\/p>\n<p><\/p>","protected":false},"excerpt":{"rendered":"","protected":false},"author":2677,"featured_media":0,"comment_status":"closed","ping_status":"open","sticky":false,"template":"","format":"standard","meta":{"ngg_post_thumbnail":0,"_links_to":"","_links_to_target":""},"categories":[770,2782,2790,43,394],"tags":[],"_links":{"self":[{"href":"https:\/\/comunicacion.umh.es\/ca\/wp-json\/wp\/v2\/posts\/58943"}],"collection":[{"href":"https:\/\/comunicacion.umh.es\/ca\/wp-json\/wp\/v2\/posts"}],"about":[{"href":"https:\/\/comunicacion.umh.es\/ca\/wp-json\/wp\/v2\/types\/post"}],"author":[{"embeddable":true,"href":"https:\/\/comunicacion.umh.es\/ca\/wp-json\/wp\/v2\/users\/2677"}],"replies":[{"embeddable":true,"href":"https:\/\/comunicacion.umh.es\/ca\/wp-json\/wp\/v2\/comments?post=58943"}],"version-history":[{"count":0,"href":"https:\/\/comunicacion.umh.es\/ca\/wp-json\/wp\/v2\/posts\/58943\/revisions"}],"wp:attachment":[{"href":"https:\/\/comunicacion.umh.es\/ca\/wp-json\/wp\/v2\/media?parent=58943"}],"wp:term":[{"taxonomy":"category","embeddable":true,"href":"https:\/\/comunicacion.umh.es\/ca\/wp-json\/wp\/v2\/categories?post=58943"},{"taxonomy":"post_tag","embeddable":true,"href":"https:\/\/comunicacion.umh.es\/ca\/wp-json\/wp\/v2\/tags?post=58943"}],"curies":[{"name":"wp","href":"https:\/\/api.w.org\/{rel}","templated":true}]}}