{"id":60257,"date":"2013-04-09T11:43:37","date_gmt":"2013-04-09T09:43:37","guid":{"rendered":"http:\/\/comunicacion.umh.es\/?p=60257"},"modified":"2013-04-09T11:57:28","modified_gmt":"2013-04-09T09:57:28","slug":"la-clinica-universitaria-de-la-umh-inicia-un-estudio-para-detectar-dificultades-del-desarrollo-en-ninos-de-0-a-3-anos","status":"publish","type":"post","link":"https:\/\/comunicacion.umh.es\/ca\/2013\/04\/09\/la-clinica-universitaria-de-la-umh-inicia-un-estudio-para-detectar-dificultades-del-desarrollo-en-ninos-de-0-a-3-anos\/","title":{"rendered":"<span lang=\"es\">(Espa\u00f1ol) La Cl\u00ednica Universitaria de la UMH inicia un estudio para detectar dificultades del desarrollo en ni\u00f1os de 0 a 3 a\u00f1os<\/span>"},"content":{"rendered":"<p><\/p>\n<p><p><!--more--><\/p>\n<\/p>\n<p><\/p>","protected":false},"excerpt":{"rendered":"","protected":false},"author":2693,"featured_media":0,"comment_status":"closed","ping_status":"open","sticky":false,"template":"","format":"standard","meta":{"ngg_post_thumbnail":0,"_links_to":"","_links_to_target":""},"categories":[770,69,2782,191,2786,43,2777],"tags":[],"_links":{"self":[{"href":"https:\/\/comunicacion.umh.es\/ca\/wp-json\/wp\/v2\/posts\/60257"}],"collection":[{"href":"https:\/\/comunicacion.umh.es\/ca\/wp-json\/wp\/v2\/posts"}],"about":[{"href":"https:\/\/comunicacion.umh.es\/ca\/wp-json\/wp\/v2\/types\/post"}],"author":[{"embeddable":true,"href":"https:\/\/comunicacion.umh.es\/ca\/wp-json\/wp\/v2\/users\/2693"}],"replies":[{"embeddable":true,"href":"https:\/\/comunicacion.umh.es\/ca\/wp-json\/wp\/v2\/comments?post=60257"}],"version-history":[{"count":0,"href":"https:\/\/comunicacion.umh.es\/ca\/wp-json\/wp\/v2\/posts\/60257\/revisions"}],"wp:attachment":[{"href":"https:\/\/comunicacion.umh.es\/ca\/wp-json\/wp\/v2\/media?parent=60257"}],"wp:term":[{"taxonomy":"category","embeddable":true,"href":"https:\/\/comunicacion.umh.es\/ca\/wp-json\/wp\/v2\/categories?post=60257"},{"taxonomy":"post_tag","embeddable":true,"href":"https:\/\/comunicacion.umh.es\/ca\/wp-json\/wp\/v2\/tags?post=60257"}],"curies":[{"name":"wp","href":"https:\/\/api.w.org\/{rel}","templated":true}]}}