{"id":60837,"date":"2013-04-23T13:33:20","date_gmt":"2013-04-23T11:33:20","guid":{"rendered":"http:\/\/comunicacion.umh.es\/2013\/04\/23\/mas-de-300-alumnos-participan-en-la-x-edicion-del-congreso-nacional-de-estudiantes-de-psicologia-de-la-umh\/"},"modified":"2013-04-23T13:33:20","modified_gmt":"2013-04-23T11:33:20","slug":"mas-de-300-alumnos-participan-en-la-x-edicion-del-congreso-nacional-de-estudiantes-de-psicologia-de-la-umh","status":"publish","type":"post","link":"https:\/\/comunicacion.umh.es\/ca\/2013\/04\/23\/mas-de-300-alumnos-participan-en-la-x-edicion-del-congreso-nacional-de-estudiantes-de-psicologia-de-la-umh\/","title":{"rendered":"<span lang=\"es\">(Espa\u00f1ol) M\u00e1s de 300 alumnos participan en la X edici\u00f3n del Congreso Nacional de Estudiantes de Psicolog\u00eda de la UMH<\/span>"},"content":{"rendered":"<p class=\"qtranxs-available-languages-message qtranxs-available-languages-message-ca\">Ho sent, per\u00f2 aquesta entrada nom\u00e9s est\u00e0 disponible en <a href=\"https:\/\/comunicacion.umh.es\/es\/wp-json\/wp\/v2\/posts\/60837\" class=\"qtranxs-available-language-link qtranxs-available-language-link-es\" title=\"Espa\u00f1ol\">Espanyol Europeu<\/a>.<\/p>","protected":false},"excerpt":{"rendered":"<p>Ho sent, per\u00f2 aquesta entrada nom\u00e9s est\u00e0 disponible en Espanyol Europeu.<\/p>\n","protected":false},"author":2791,"featured_media":0,"comment_status":"closed","ping_status":"open","sticky":false,"template":"","format":"standard","meta":{"ngg_post_thumbnail":0,"_links_to":"","_links_to_target":""},"categories":[770,69,2782,2790,43,2780],"tags":[],"_links":{"self":[{"href":"https:\/\/comunicacion.umh.es\/ca\/wp-json\/wp\/v2\/posts\/60837"}],"collection":[{"href":"https:\/\/comunicacion.umh.es\/ca\/wp-json\/wp\/v2\/posts"}],"about":[{"href":"https:\/\/comunicacion.umh.es\/ca\/wp-json\/wp\/v2\/types\/post"}],"author":[{"embeddable":true,"href":"https:\/\/comunicacion.umh.es\/ca\/wp-json\/wp\/v2\/users\/2791"}],"replies":[{"embeddable":true,"href":"https:\/\/comunicacion.umh.es\/ca\/wp-json\/wp\/v2\/comments?post=60837"}],"version-history":[{"count":0,"href":"https:\/\/comunicacion.umh.es\/ca\/wp-json\/wp\/v2\/posts\/60837\/revisions"}],"wp:attachment":[{"href":"https:\/\/comunicacion.umh.es\/ca\/wp-json\/wp\/v2\/media?parent=60837"}],"wp:term":[{"taxonomy":"category","embeddable":true,"href":"https:\/\/comunicacion.umh.es\/ca\/wp-json\/wp\/v2\/categories?post=60837"},{"taxonomy":"post_tag","embeddable":true,"href":"https:\/\/comunicacion.umh.es\/ca\/wp-json\/wp\/v2\/tags?post=60837"}],"curies":[{"name":"wp","href":"https:\/\/api.w.org\/{rel}","templated":true}]}}