{"id":61806,"date":"2013-05-17T12:55:40","date_gmt":"2013-05-17T10:55:40","guid":{"rendered":"http:\/\/comunicacion.umh.es\/2013\/05\/17\/la-umh-y-el-ayuntamiento-de-elche-impulsan-la-implantacion-de-un-titulo-de-especialista-universitario-en-accion-social\/"},"modified":"2013-05-17T12:55:40","modified_gmt":"2013-05-17T10:55:40","slug":"la-umh-y-el-ayuntamiento-de-elche-impulsan-la-implantacion-de-un-titulo-de-especialista-universitario-en-accion-social","status":"publish","type":"post","link":"https:\/\/comunicacion.umh.es\/ca\/2013\/05\/17\/la-umh-y-el-ayuntamiento-de-elche-impulsan-la-implantacion-de-un-titulo-de-especialista-universitario-en-accion-social\/","title":{"rendered":"<span lang=\"es\">(Espa\u00f1ol) La UMH y el Ayuntamiento de Elche impulsan la implantaci\u00f3n de un T\u00edtulo de Especialista Universitario en acci\u00f3n Social<\/span>"},"content":{"rendered":"<p class=\"qtranxs-available-languages-message qtranxs-available-languages-message-ca\">Ho sent, per\u00f2 aquesta entrada nom\u00e9s est\u00e0 disponible en <a href=\"https:\/\/comunicacion.umh.es\/es\/wp-json\/wp\/v2\/posts\/61806\" class=\"qtranxs-available-language-link qtranxs-available-language-link-es\" title=\"Espa\u00f1ol\">Espanyol Europeu<\/a>.<\/p>","protected":false},"excerpt":{"rendered":"<p>Ho sent, per\u00f2 aquesta entrada nom\u00e9s est\u00e0 disponible en Espanyol Europeu.<\/p>\n","protected":false},"author":2693,"featured_media":0,"comment_status":"closed","ping_status":"open","sticky":false,"template":"","format":"standard","meta":{"ngg_post_thumbnail":0,"_links_to":"","_links_to_target":""},"categories":[770,570,69,2782,2783,43,2778],"tags":[],"_links":{"self":[{"href":"https:\/\/comunicacion.umh.es\/ca\/wp-json\/wp\/v2\/posts\/61806"}],"collection":[{"href":"https:\/\/comunicacion.umh.es\/ca\/wp-json\/wp\/v2\/posts"}],"about":[{"href":"https:\/\/comunicacion.umh.es\/ca\/wp-json\/wp\/v2\/types\/post"}],"author":[{"embeddable":true,"href":"https:\/\/comunicacion.umh.es\/ca\/wp-json\/wp\/v2\/users\/2693"}],"replies":[{"embeddable":true,"href":"https:\/\/comunicacion.umh.es\/ca\/wp-json\/wp\/v2\/comments?post=61806"}],"version-history":[{"count":0,"href":"https:\/\/comunicacion.umh.es\/ca\/wp-json\/wp\/v2\/posts\/61806\/revisions"}],"wp:attachment":[{"href":"https:\/\/comunicacion.umh.es\/ca\/wp-json\/wp\/v2\/media?parent=61806"}],"wp:term":[{"taxonomy":"category","embeddable":true,"href":"https:\/\/comunicacion.umh.es\/ca\/wp-json\/wp\/v2\/categories?post=61806"},{"taxonomy":"post_tag","embeddable":true,"href":"https:\/\/comunicacion.umh.es\/ca\/wp-json\/wp\/v2\/tags?post=61806"}],"curies":[{"name":"wp","href":"https:\/\/api.w.org\/{rel}","templated":true}]}}