{"id":62025,"date":"2013-05-23T14:40:19","date_gmt":"2013-05-23T12:40:19","guid":{"rendered":"http:\/\/comunicacion.umh.es\/2013\/05\/23\/la-umh-y-la-asociacion-terciario-avanzado-comunidad-valenciana-presentan-la-nueva-catedra-de-crecimiento-empresarial-2\/"},"modified":"2013-05-30T10:45:59","modified_gmt":"2013-05-30T08:45:59","slug":"la-umh-y-la-asociacion-terciario-avanzado-comunidad-valenciana-presentan-la-nueva-catedra-de-crecimiento-empresarial-2","status":"publish","type":"post","link":"https:\/\/comunicacion.umh.es\/ca\/2013\/05\/23\/la-umh-y-la-asociacion-terciario-avanzado-comunidad-valenciana-presentan-la-nueva-catedra-de-crecimiento-empresarial-2\/","title":{"rendered":"Nova C\u00e0tedra de Crecimiento Empresarial"},"content":{"rendered":"<p><\/p>\n<p style=\"text-align: justify\">La Universitat Miguel Hern\u00e1ndez (UMH) d&#8217;Elx i l&#8217;Associaci\u00f3 Terciario Avanzado Comunidad Valenciana han presentat la C\u00e0tedra de Crecimiento Empresarial. El rector de la UMH, Jes\u00fas Pastor Ciurana, i el president de l&#8217;Associaci\u00f3 de Terciario Avanzado Comunidad Valenciana, Jos\u00e9 Javier Garc\u00eda Zamora, han subscrit un conveni de col\u00b7laboraci\u00f3 per a la posada en marxa d&#8217;aquesta C\u00e0tedra.<\/p>\n<p><!--more--><\/p>\n<p style=\"text-align: justify\">El director de la C\u00e0tedra ser\u00e0 el professor del departament d&#8217;Economia Agroambiental, Enginyeria Cartogr\u00e0fica i Expressi\u00f3 Gr\u00e0fica de l&#8217;Enginyeria de la UMH Fernando Vidal Gim\u00e9nez. Per la seua banda, el president de l&#8217;Associaci\u00f3 del Terciario Avanzado<strong> <\/strong>ser\u00e0 el codirector.<\/p>\n<p style=\"text-align: justify\">Els objectius d&#8217;aquesta nova C\u00e0tedra s\u00f3n la formaci\u00f3, la recerca, el desenvolupament i la divulgaci\u00f3 en l&#8217;\u00e0mbit de la empreneduria i el desenvolupament empresarial, a trav\u00e9s d&#8217;activitats, seminaris o confer\u00e8ncies. En concret, la C\u00e0tedra pret\u00e9n ajudar als emprenedors de la &#8220;Nau de la Innovaci\u00f3&#8221; i als membres de la \u201cMarat\u00f3 d&#8217;Empreses UMH\u201d a prendre consci\u00e8ncia de les necessitats dels seus projectes. A m\u00e9s, realitzar\u00e0 la tutoritzaci\u00f3 durant un any d&#8217;un o dos projectes perqu\u00e8 puguen convertir-se en empreses.<\/p>\n<\/p>\n<p><\/p>","protected":false},"excerpt":{"rendered":"<p>La Universitat Miguel Hern\u00e1ndez (UMH) d&#8217;Elx i l&#8217;Associaci\u00f3 Terciario Avanzado Comunidad Valenciana han presentat la C\u00e0tedra de Crecimiento Empresarial. El rector de la UMH, Jes\u00fas Pastor Ciurana, i el president de l&#8217;Associaci\u00f3 de Terciario Avanzado Comunidad Valenciana, Jos\u00e9 Javier Garc\u00eda Zamora, han subscrit un conveni de col\u00b7laboraci\u00f3 per a la posada en marxa d&#8217;aquesta C\u00e0tedra.<\/p>\n<p>El [&#8230;]<\/p>\n","protected":false},"author":2677,"featured_media":0,"comment_status":"closed","ping_status":"open","sticky":false,"template":"","format":"standard","meta":{"ngg_post_thumbnail":0,"_links_to":"","_links_to_target":""},"categories":[770,570,69,2782,2783,43,2779,2778,2781,2777],"tags":[],"_links":{"self":[{"href":"https:\/\/comunicacion.umh.es\/ca\/wp-json\/wp\/v2\/posts\/62025"}],"collection":[{"href":"https:\/\/comunicacion.umh.es\/ca\/wp-json\/wp\/v2\/posts"}],"about":[{"href":"https:\/\/comunicacion.umh.es\/ca\/wp-json\/wp\/v2\/types\/post"}],"author":[{"embeddable":true,"href":"https:\/\/comunicacion.umh.es\/ca\/wp-json\/wp\/v2\/users\/2677"}],"replies":[{"embeddable":true,"href":"https:\/\/comunicacion.umh.es\/ca\/wp-json\/wp\/v2\/comments?post=62025"}],"version-history":[{"count":0,"href":"https:\/\/comunicacion.umh.es\/ca\/wp-json\/wp\/v2\/posts\/62025\/revisions"}],"wp:attachment":[{"href":"https:\/\/comunicacion.umh.es\/ca\/wp-json\/wp\/v2\/media?parent=62025"}],"wp:term":[{"taxonomy":"category","embeddable":true,"href":"https:\/\/comunicacion.umh.es\/ca\/wp-json\/wp\/v2\/categories?post=62025"},{"taxonomy":"post_tag","embeddable":true,"href":"https:\/\/comunicacion.umh.es\/ca\/wp-json\/wp\/v2\/tags?post=62025"}],"curies":[{"name":"wp","href":"https:\/\/api.w.org\/{rel}","templated":true}]}}