{"id":62285,"date":"2013-05-30T12:38:18","date_gmt":"2013-05-30T10:38:18","guid":{"rendered":"http:\/\/comunicacion.umh.es\/?p=62285"},"modified":"2013-06-05T10:49:13","modified_gmt":"2013-06-05T08:49:13","slug":"la-umh-impartira-en-la-modalidad-semipresencial-los-grados-de-derecho-y-de-ciencias-politicas-y-gestion-publica","status":"publish","type":"post","link":"https:\/\/comunicacion.umh.es\/ca\/2013\/05\/30\/la-umh-impartira-en-la-modalidad-semipresencial-los-grados-de-derecho-y-de-ciencias-politicas-y-gestion-publica\/","title":{"rendered":"La UMH impartir\u00e0 en la modalitat semipresencial els Graus de Dret i de Ci\u00e8ncies Pol\u00edtiques i Gesti\u00f3 P\u00fablica"},"content":{"rendered":"<p><\/p>\n<p style=\"text-align: justify\">La Universitat Miguel Hern\u00e1ndez (UMH) d&#8217;Elx impartir\u00e0 el pr\u00f2xim curs acad\u00e8mic 2013-2014 els Graus de Dret i de Ci\u00e8ncies Pol\u00edtiques i Gesti\u00f3 P\u00fablica en modalitat semipresencial, a m\u00e9s de la presencial que ja s&#8217;imparteix. Aquesta nova modalitat combina l&#8217;ensenyament online i classes presencials que es concentraran \u00a0divendres de vesprada i \u00a0dissabtes de\u00a0 mat\u00ed.<!--more--><\/p>\n<p style=\"text-align: justify\"><a href=\"https:\/\/comunicacion.umh.es\/files\/2012\/05\/03-05-12-Altabix3.jpg\"><img loading=\"lazy\" class=\"alignleft size-medium wp-image-51905\" title=\"03-05-12 Altabix\" src=\"https:\/\/comunicacion.umh.es\/files\/2012\/05\/03-05-12-Altabix3-300x200.jpg\" alt=\"\" width=\"300\" height=\"200\" srcset=\"https:\/\/comunicacion.umh.es\/files\/2012\/05\/03-05-12-Altabix3-300x200.jpg 300w, https:\/\/comunicacion.umh.es\/files\/2012\/05\/03-05-12-Altabix3-1024x682.jpg 1024w\" sizes=\"(max-width: 300px) 100vw, 300px\" \/><\/a><\/p>\n<p style=\"text-align: justify\">Tamb\u00e9 amb car\u00e0cter semipresencial, la UMH impartir\u00e0 en el curs 2013-2014 els cursos d&#8217;adaptaci\u00f3 als Graus seg\u00fcents: Podologia, Ter\u00e0pia Ocupacional, Fisioter\u00e0pia, Enginyeria de Tecnologies de la Telecomunicaci\u00f3 (en els seus tres itineraris: Telem\u00e0tica, Sistemes Electr\u00f2nics i Sistemes de Telecomunicaci\u00f3) , Enginyeria Inform\u00e0tica en Tecnologies de la Informaci\u00f3, Enginyeria Mec\u00e0nica, Enginyeria El\u00e8ctrica i Enginyeria Electr\u00f2nica i Autom\u00e0tica Industrial. A m\u00e9s, dels Graus en Administraci\u00f3 i Direcci\u00f3 d&#8217;Empresa (ADE) i en Relacions Laborals i Recursos Humans que ja s&#8217;impartixen este curs en esta modalitat.<\/p>\n<p><\/p>","protected":false},"excerpt":{"rendered":"<p>La Universitat Miguel Hern\u00e1ndez (UMH) d&#8217;Elx impartir\u00e0 el pr\u00f2xim curs acad\u00e8mic 2013-2014 els Graus de Dret i de Ci\u00e8ncies Pol\u00edtiques i Gesti\u00f3 P\u00fablica en modalitat semipresencial, a m\u00e9s de la presencial que ja s&#8217;imparteix. Aquesta nova modalitat combina l&#8217;ensenyament online i classes presencials que es concentraran \u00a0divendres de vesprada i \u00a0dissabtes de\u00a0 mat\u00ed.<\/p>\n<p>Tamb\u00e9 amb car\u00e0cter [&#8230;]<\/p>\n","protected":false},"author":2693,"featured_media":0,"comment_status":"closed","ping_status":"open","sticky":false,"template":"","format":"standard","meta":{"ngg_post_thumbnail":0,"_links_to":"","_links_to_target":""},"categories":[770,69,2789,2782,2783,43,2785,2777],"tags":[],"_links":{"self":[{"href":"https:\/\/comunicacion.umh.es\/ca\/wp-json\/wp\/v2\/posts\/62285"}],"collection":[{"href":"https:\/\/comunicacion.umh.es\/ca\/wp-json\/wp\/v2\/posts"}],"about":[{"href":"https:\/\/comunicacion.umh.es\/ca\/wp-json\/wp\/v2\/types\/post"}],"author":[{"embeddable":true,"href":"https:\/\/comunicacion.umh.es\/ca\/wp-json\/wp\/v2\/users\/2693"}],"replies":[{"embeddable":true,"href":"https:\/\/comunicacion.umh.es\/ca\/wp-json\/wp\/v2\/comments?post=62285"}],"version-history":[{"count":0,"href":"https:\/\/comunicacion.umh.es\/ca\/wp-json\/wp\/v2\/posts\/62285\/revisions"}],"wp:attachment":[{"href":"https:\/\/comunicacion.umh.es\/ca\/wp-json\/wp\/v2\/media?parent=62285"}],"wp:term":[{"taxonomy":"category","embeddable":true,"href":"https:\/\/comunicacion.umh.es\/ca\/wp-json\/wp\/v2\/categories?post=62285"},{"taxonomy":"post_tag","embeddable":true,"href":"https:\/\/comunicacion.umh.es\/ca\/wp-json\/wp\/v2\/tags?post=62285"}],"curies":[{"name":"wp","href":"https:\/\/api.w.org\/{rel}","templated":true}]}}