{"id":62626,"date":"2013-06-06T13:09:15","date_gmt":"2013-06-06T11:09:15","guid":{"rendered":"http:\/\/comunicacion.umh.es\/2013\/06\/06\/estudiants-de-belles-arts-de-la-umh-exposen-a-l%e2%80%99alfas-del-pi-la-mostra-%e2%80%9cbilibirda%e2%80%9d\/"},"modified":"2013-06-06T13:09:15","modified_gmt":"2013-06-06T11:09:15","slug":"estudiants-de-belles-arts-de-la-umh-exposen-a-l%e2%80%99alfas-del-pi-la-mostra-%e2%80%9cbilibirda%e2%80%9d","status":"publish","type":"post","link":"https:\/\/comunicacion.umh.es\/ca\/2013\/06\/06\/estudiants-de-belles-arts-de-la-umh-exposen-a-l%e2%80%99alfas-del-pi-la-mostra-%e2%80%9cbilibirda%e2%80%9d\/","title":{"rendered":"<span lang=\"es\">(Espa\u00f1ol) Estudiants de Belles Arts de la UMH exposen a l\u2019Alf\u00e0s del Pi la mostra \u201cBilibird\u00e0\u201d<\/span>"},"content":{"rendered":"<p class=\"qtranxs-available-languages-message qtranxs-available-languages-message-ca\">Ho sent, per\u00f2 aquesta entrada nom\u00e9s est\u00e0 disponible en <a href=\"https:\/\/comunicacion.umh.es\/es\/wp-json\/wp\/v2\/posts\/62626\" class=\"qtranxs-available-language-link qtranxs-available-language-link-es\" title=\"Espa\u00f1ol\">Espanyol Europeu<\/a>.<\/p>","protected":false},"excerpt":{"rendered":"<p>Ho sent, per\u00f2 aquesta entrada nom\u00e9s est\u00e0 disponible en Espanyol Europeu.<\/p>\n","protected":false},"author":2791,"featured_media":0,"comment_status":"closed","ping_status":"open","sticky":false,"template":"","format":"standard","meta":{"ngg_post_thumbnail":0,"_links_to":"","_links_to_target":""},"categories":[794,770,87,357,2782,43],"tags":[],"_links":{"self":[{"href":"https:\/\/comunicacion.umh.es\/ca\/wp-json\/wp\/v2\/posts\/62626"}],"collection":[{"href":"https:\/\/comunicacion.umh.es\/ca\/wp-json\/wp\/v2\/posts"}],"about":[{"href":"https:\/\/comunicacion.umh.es\/ca\/wp-json\/wp\/v2\/types\/post"}],"author":[{"embeddable":true,"href":"https:\/\/comunicacion.umh.es\/ca\/wp-json\/wp\/v2\/users\/2791"}],"replies":[{"embeddable":true,"href":"https:\/\/comunicacion.umh.es\/ca\/wp-json\/wp\/v2\/comments?post=62626"}],"version-history":[{"count":0,"href":"https:\/\/comunicacion.umh.es\/ca\/wp-json\/wp\/v2\/posts\/62626\/revisions"}],"wp:attachment":[{"href":"https:\/\/comunicacion.umh.es\/ca\/wp-json\/wp\/v2\/media?parent=62626"}],"wp:term":[{"taxonomy":"category","embeddable":true,"href":"https:\/\/comunicacion.umh.es\/ca\/wp-json\/wp\/v2\/categories?post=62626"},{"taxonomy":"post_tag","embeddable":true,"href":"https:\/\/comunicacion.umh.es\/ca\/wp-json\/wp\/v2\/tags?post=62626"}],"curies":[{"name":"wp","href":"https:\/\/api.w.org\/{rel}","templated":true}]}}