{"id":62967,"date":"2013-06-14T13:40:05","date_gmt":"2013-06-14T11:40:05","guid":{"rendered":"http:\/\/comunicacion.umh.es\/2013\/06\/14\/el-profesor-de-la-umh-raul-reina-clasificador-tecnico-en-la-competicion-paralimpica-boccia-european-championhship\/"},"modified":"2013-06-14T13:50:20","modified_gmt":"2013-06-14T11:50:20","slug":"el-profesor-de-la-umh-raul-reina-clasificador-tecnico-en-la-competicion-paralimpica-boccia-european-championhship","status":"publish","type":"post","link":"https:\/\/comunicacion.umh.es\/ca\/2013\/06\/14\/el-profesor-de-la-umh-raul-reina-clasificador-tecnico-en-la-competicion-paralimpica-boccia-european-championhship\/","title":{"rendered":"<span lang=\"es\">(Espa\u00f1ol) El profesor de la UMH Ra\u00fal Reina, clasificador t\u00e9cnico en la competici\u00f3n paral\u00edmpica Boccia European Championhship<\/span>"},"content":{"rendered":"<p><\/p>\n<p><!--more--><\/p>\n<p><\/p>","protected":false},"excerpt":{"rendered":"","protected":false},"author":2791,"featured_media":0,"comment_status":"closed","ping_status":"open","sticky":false,"template":"","format":"standard","meta":{"ngg_post_thumbnail":0,"_links_to":"","_links_to_target":""},"categories":[770,461,69,2782,2783,43,2785],"tags":[],"_links":{"self":[{"href":"https:\/\/comunicacion.umh.es\/ca\/wp-json\/wp\/v2\/posts\/62967"}],"collection":[{"href":"https:\/\/comunicacion.umh.es\/ca\/wp-json\/wp\/v2\/posts"}],"about":[{"href":"https:\/\/comunicacion.umh.es\/ca\/wp-json\/wp\/v2\/types\/post"}],"author":[{"embeddable":true,"href":"https:\/\/comunicacion.umh.es\/ca\/wp-json\/wp\/v2\/users\/2791"}],"replies":[{"embeddable":true,"href":"https:\/\/comunicacion.umh.es\/ca\/wp-json\/wp\/v2\/comments?post=62967"}],"version-history":[{"count":0,"href":"https:\/\/comunicacion.umh.es\/ca\/wp-json\/wp\/v2\/posts\/62967\/revisions"}],"wp:attachment":[{"href":"https:\/\/comunicacion.umh.es\/ca\/wp-json\/wp\/v2\/media?parent=62967"}],"wp:term":[{"taxonomy":"category","embeddable":true,"href":"https:\/\/comunicacion.umh.es\/ca\/wp-json\/wp\/v2\/categories?post=62967"},{"taxonomy":"post_tag","embeddable":true,"href":"https:\/\/comunicacion.umh.es\/ca\/wp-json\/wp\/v2\/tags?post=62967"}],"curies":[{"name":"wp","href":"https:\/\/api.w.org\/{rel}","templated":true}]}}