{"id":64000,"date":"2013-07-10T12:12:59","date_gmt":"2013-07-10T10:12:59","guid":{"rendered":"http:\/\/comunicacion.umh.es\/2013\/07\/10\/estudiantes-de-la-umh-atenderan-las-lesiones-podologicas-de-los-peregrinos-del-camino-de-santiago-y-les-haran-un-perfil-ocupacional\/"},"modified":"2013-07-10T12:12:59","modified_gmt":"2013-07-10T10:12:59","slug":"estudiantes-de-la-umh-atenderan-las-lesiones-podologicas-de-los-peregrinos-del-camino-de-santiago-y-les-haran-un-perfil-ocupacional","status":"publish","type":"post","link":"https:\/\/comunicacion.umh.es\/ca\/2013\/07\/10\/estudiantes-de-la-umh-atenderan-las-lesiones-podologicas-de-los-peregrinos-del-camino-de-santiago-y-les-haran-un-perfil-ocupacional\/","title":{"rendered":"<span lang=\"es\">(Espa\u00f1ol) Estudiantes de la UMH atender\u00e1n las  lesiones podol\u00f3gicas de los peregrinos del Camino de Santiago y les har\u00e1n un perfil ocupacional<\/span>"},"content":{"rendered":"<p class=\"qtranxs-available-languages-message qtranxs-available-languages-message-ca\">Ho sent, per\u00f2 aquesta entrada nom\u00e9s est\u00e0 disponible en <a href=\"https:\/\/comunicacion.umh.es\/es\/wp-json\/wp\/v2\/posts\/64000\" class=\"qtranxs-available-language-link qtranxs-available-language-link-es\" title=\"Espa\u00f1ol\">Espanyol Europeu<\/a>.<\/p>","protected":false},"excerpt":{"rendered":"<p>Ho sent, per\u00f2 aquesta entrada nom\u00e9s est\u00e0 disponible en Espanyol Europeu.<\/p>\n","protected":false},"author":2846,"featured_media":0,"comment_status":"closed","ping_status":"open","sticky":false,"template":"","format":"standard","meta":{"ngg_post_thumbnail":0,"_links_to":"","_links_to_target":""},"categories":[770,69,2789,2782,43],"tags":[],"_links":{"self":[{"href":"https:\/\/comunicacion.umh.es\/ca\/wp-json\/wp\/v2\/posts\/64000"}],"collection":[{"href":"https:\/\/comunicacion.umh.es\/ca\/wp-json\/wp\/v2\/posts"}],"about":[{"href":"https:\/\/comunicacion.umh.es\/ca\/wp-json\/wp\/v2\/types\/post"}],"author":[{"embeddable":true,"href":"https:\/\/comunicacion.umh.es\/ca\/wp-json\/wp\/v2\/users\/2846"}],"replies":[{"embeddable":true,"href":"https:\/\/comunicacion.umh.es\/ca\/wp-json\/wp\/v2\/comments?post=64000"}],"version-history":[{"count":0,"href":"https:\/\/comunicacion.umh.es\/ca\/wp-json\/wp\/v2\/posts\/64000\/revisions"}],"wp:attachment":[{"href":"https:\/\/comunicacion.umh.es\/ca\/wp-json\/wp\/v2\/media?parent=64000"}],"wp:term":[{"taxonomy":"category","embeddable":true,"href":"https:\/\/comunicacion.umh.es\/ca\/wp-json\/wp\/v2\/categories?post=64000"},{"taxonomy":"post_tag","embeddable":true,"href":"https:\/\/comunicacion.umh.es\/ca\/wp-json\/wp\/v2\/tags?post=64000"}],"curies":[{"name":"wp","href":"https:\/\/api.w.org\/{rel}","templated":true}]}}