{"id":64267,"date":"2013-07-16T14:18:40","date_gmt":"2013-07-16T12:18:40","guid":{"rendered":"http:\/\/comunicacion.umh.es\/2013\/07\/16\/la-umh-asesora-en-nutricion-deportiva-al-atleta-eusebio-caceres-medalla-de-oro-de-salto-de-longitud-en-el-campeonato-europa-sub-23\/"},"modified":"2013-07-16T14:20:43","modified_gmt":"2013-07-16T12:20:43","slug":"la-umh-asesora-en-nutricion-deportiva-al-atleta-eusebio-caceres-medalla-de-oro-de-salto-de-longitud-en-el-campeonato-europa-sub-23","status":"publish","type":"post","link":"https:\/\/comunicacion.umh.es\/ca\/2013\/07\/16\/la-umh-asesora-en-nutricion-deportiva-al-atleta-eusebio-caceres-medalla-de-oro-de-salto-de-longitud-en-el-campeonato-europa-sub-23\/","title":{"rendered":"<span lang=\"es\">(Espa\u00f1ol) La UMH asesora en nutrici\u00f3n deportiva al atleta Eusebio C\u00e1ceres, medalla de oro de salto de longitud en el Campeonato Europa Sub-23<\/span>"},"content":{"rendered":"<p><\/p>\n<p><!--more--><\/p>\n<p><\/p>","protected":false},"excerpt":{"rendered":"","protected":false},"author":2693,"featured_media":0,"comment_status":"closed","ping_status":"open","sticky":false,"template":"","format":"standard","meta":{"ngg_post_thumbnail":0,"_links_to":"","_links_to_target":""},"categories":[770,69,2782,191,43],"tags":[],"_links":{"self":[{"href":"https:\/\/comunicacion.umh.es\/ca\/wp-json\/wp\/v2\/posts\/64267"}],"collection":[{"href":"https:\/\/comunicacion.umh.es\/ca\/wp-json\/wp\/v2\/posts"}],"about":[{"href":"https:\/\/comunicacion.umh.es\/ca\/wp-json\/wp\/v2\/types\/post"}],"author":[{"embeddable":true,"href":"https:\/\/comunicacion.umh.es\/ca\/wp-json\/wp\/v2\/users\/2693"}],"replies":[{"embeddable":true,"href":"https:\/\/comunicacion.umh.es\/ca\/wp-json\/wp\/v2\/comments?post=64267"}],"version-history":[{"count":0,"href":"https:\/\/comunicacion.umh.es\/ca\/wp-json\/wp\/v2\/posts\/64267\/revisions"}],"wp:attachment":[{"href":"https:\/\/comunicacion.umh.es\/ca\/wp-json\/wp\/v2\/media?parent=64267"}],"wp:term":[{"taxonomy":"category","embeddable":true,"href":"https:\/\/comunicacion.umh.es\/ca\/wp-json\/wp\/v2\/categories?post=64267"},{"taxonomy":"post_tag","embeddable":true,"href":"https:\/\/comunicacion.umh.es\/ca\/wp-json\/wp\/v2\/tags?post=64267"}],"curies":[{"name":"wp","href":"https:\/\/api.w.org\/{rel}","templated":true}]}}