{"id":65179,"date":"2013-09-11T11:10:24","date_gmt":"2013-09-11T09:10:24","guid":{"rendered":"http:\/\/comunicacion.umh.es\/?p=65179"},"modified":"2013-09-11T11:10:24","modified_gmt":"2013-09-11T09:10:24","slug":"una-tesis-de-la-umh-concluye-que-los-futbolistas-con-paralisis-cerebral-presentan-una-menor-capacidad-de-salto-por-su-discapacidad","status":"publish","type":"post","link":"https:\/\/comunicacion.umh.es\/ca\/2013\/09\/11\/una-tesis-de-la-umh-concluye-que-los-futbolistas-con-paralisis-cerebral-presentan-una-menor-capacidad-de-salto-por-su-discapacidad\/","title":{"rendered":"<span lang=\"es\">(Espa\u00f1ol) Una tesis de la UMH concluye que los futbolistas con par\u00e1lisis cerebral presentan una menor capacidad de salto por su discapacidad<\/span>"},"content":{"rendered":"<p class=\"qtranxs-available-languages-message qtranxs-available-languages-message-ca\">Ho sent, per\u00f2 aquesta entrada nom\u00e9s est\u00e0 disponible en <a href=\"https:\/\/comunicacion.umh.es\/es\/wp-json\/wp\/v2\/posts\/65179\" class=\"qtranxs-available-language-link qtranxs-available-language-link-es\" title=\"Espa\u00f1ol\">Espanyol Europeu<\/a>.<\/p>","protected":false},"excerpt":{"rendered":"<p>Ho sent, per\u00f2 aquesta entrada nom\u00e9s est\u00e0 disponible en Espanyol Europeu.<\/p>\n","protected":false},"author":2693,"featured_media":0,"comment_status":"closed","ping_status":"open","sticky":false,"template":"","format":"standard","meta":{"ngg_post_thumbnail":0,"_links_to":"","_links_to_target":""},"categories":[770,461,69,2782,191,2786,43,2778],"tags":[],"_links":{"self":[{"href":"https:\/\/comunicacion.umh.es\/ca\/wp-json\/wp\/v2\/posts\/65179"}],"collection":[{"href":"https:\/\/comunicacion.umh.es\/ca\/wp-json\/wp\/v2\/posts"}],"about":[{"href":"https:\/\/comunicacion.umh.es\/ca\/wp-json\/wp\/v2\/types\/post"}],"author":[{"embeddable":true,"href":"https:\/\/comunicacion.umh.es\/ca\/wp-json\/wp\/v2\/users\/2693"}],"replies":[{"embeddable":true,"href":"https:\/\/comunicacion.umh.es\/ca\/wp-json\/wp\/v2\/comments?post=65179"}],"version-history":[{"count":0,"href":"https:\/\/comunicacion.umh.es\/ca\/wp-json\/wp\/v2\/posts\/65179\/revisions"}],"wp:attachment":[{"href":"https:\/\/comunicacion.umh.es\/ca\/wp-json\/wp\/v2\/media?parent=65179"}],"wp:term":[{"taxonomy":"category","embeddable":true,"href":"https:\/\/comunicacion.umh.es\/ca\/wp-json\/wp\/v2\/categories?post=65179"},{"taxonomy":"post_tag","embeddable":true,"href":"https:\/\/comunicacion.umh.es\/ca\/wp-json\/wp\/v2\/tags?post=65179"}],"curies":[{"name":"wp","href":"https:\/\/api.w.org\/{rel}","templated":true}]}}