{"id":65425,"date":"2013-09-18T14:08:26","date_gmt":"2013-09-18T12:08:26","guid":{"rendered":"http:\/\/comunicacion.umh.es\/?p=65425"},"modified":"2013-09-24T14:51:25","modified_gmt":"2013-09-24T12:51:25","slug":"investigadores-de-la-umh-descubren-la-bacteria-acuatica-mas-pequena-descrita-hasta-ahora-en-el-mundo","status":"publish","type":"post","link":"https:\/\/comunicacion.umh.es\/ca\/2013\/09\/18\/investigadores-de-la-umh-descubren-la-bacteria-acuatica-mas-pequena-descrita-hasta-ahora-en-el-mundo\/","title":{"rendered":"Descobrixen el bacteri aqu\u00e0tic m\u00e9s xicotet descrit fins ara en el m\u00f3n"},"content":{"rendered":"<p><\/p>\n<p style=\"text-align: justify\">Investigadors del Grup de Gen\u00f2mica Evolutiva de la Universitat Miguel Hern\u00e1ndez (UMH) d&#8217;Elx, amb la col\u00b7laboraci\u00f3 d&#8217;investigadors de l&#8217;Institut Cavanilles de Biodiversitat i Biologia Evolutiva del Parc Cient\u00edfic de la Universitat de Val\u00e8ncia (UV), han descobert el bacteri aqu\u00e0tic m\u00e9s xicotet descrit fins ara en tot el m\u00f3n. En l&#8217;estudi, publicat en la revista cient\u00edfica &#8220;Nature Scientific Reports&#8221;, han participat els investigadors del Grup d&#8217;Investigaci\u00f3 de la UMH Francisco Rodr\u00edguez Valera, Rohit Ghai i Carolina Megumi Mizuno.<!--more--><\/p>\n<p style=\"text-align: justify\">\n<a href=\"https:\/\/comunicacion.umh.es\/files\/2013\/09\/18-09-13-bacteria-21.jpg\"><img loading=\"lazy\" class=\"alignleft size-medium wp-image-65570\" alt=\"18-09-13-bacteria 2\" src=\"https:\/\/comunicacion.umh.es\/files\/2013\/09\/18-09-13-bacteria-21-300x211.jpg\" width=\"300\" height=\"211\" srcset=\"https:\/\/comunicacion.umh.es\/files\/2013\/09\/18-09-13-bacteria-21-300x211.jpg 300w, https:\/\/comunicacion.umh.es\/files\/2013\/09\/18-09-13-bacteria-21.jpg 939w\" sizes=\"(max-width: 300px) 100vw, 300px\" \/><\/a><\/p>\n<p style=\"text-align: justify\">Els resultats de la investigaci\u00f3 s\u00f3n rellevants tant pel descobriment d&#8217;un grup de bacteris completament nou i amb caracter\u00edstiques gen\u00e8tiques diferenciades, com per la possible rellev\u00e0ncia ecol\u00f2gica d&#8217;este grup de bacteris anomenats Candidatus Actinomarinidae.<\/p>\n<p style=\"text-align: justify\">\u00a0Els investigadors han estudiat l\u2019anomenat M\u00e0xim Profund de Clorofil\u00b7la (DCM-Deep Chlorophyll M\u00e0ximum) en diverses \u00e0rees del planeta i, en concret, en el mar Mediterrani i han descrit, amb t\u00e8cniques de seq\u00fcenciaci\u00f3 massiva, tota la microbiota que habita en estes zones dels mars i oceans. Segons els investigadors, &#8220;estes t\u00e8cniques permeten desgranar tota la diversitat microbiana d&#8217;un ecosistema i identificar gens claus que poden explicar el paper ecol\u00f2gic dels microorganismes en l&#8217;ecosistema; resultats que despr\u00e9s es comparen amb les dades ambientals tretes de l&#8217;estudi per a obtindre m\u00e9s detalls sobre el funcionament dels cicles biogeoqu\u00edmicos&#8221;.<\/p>\n<p style=\"text-align: justify\">\u00a0Les t\u00e8cniques d&#8217;an\u00e0lisi molecular han perm\u00e9s caracteritzar este nou grup de bacteris. Combinades amb altres sofisticades t\u00e8cniques microsc\u00f2piques i d&#8217;an\u00e0lisi cel\u00b7lular com la hibridaci\u00f3 in situ i la citometr\u00eda de flux, els investigadors han determinat que &#8220;estos s\u00f3n els microorganismes de vida lliure m\u00e9s xicotets descrits fins ara, no sols quant a la seua mesura cel\u00b7lular, sin\u00f3 tamb\u00e9 quant a la grand\u00e0ria del seu genoma, la qual cosa s&#8217;aproxima prou als l\u00edmits te\u00f2rics de la grand\u00e0ria m\u00ednima d&#8217;un ser viu aut\u00f2nom&#8221;.<\/p>\n<p style=\"text-align: justify\">Amb un biovolumen de 0,006 a 0,024 \u03bcm3 (mitjana de 0,013 \u03bcm3) i un di\u00e0metre mitj\u00e0 de 0,292 microns, estos bacteris s\u00f3n prou m\u00e9s xicotets que el microorganisme de vida lliure que fins ara ostentava eixe r\u00e8cord: el Pelagibacter ubique. Un bacteri, tamb\u00e9 mar\u00ed, amb un rang de biovolumen compr\u00e9s entre 0,019 a 0,039 \u03bcm3. \u00c9s a dir, quasi el doble de la grand\u00e0ria que el del bacteri descobert pels investigadors de la UMH i de la UV. En comparaci\u00f3 amb el bacteri popularment conegut com l&#8217;Escherichia coli, el bacteri descrit en este treball t\u00e9 una grand\u00e0ria 150 vegades inferior.<\/p>\n<p style=\"text-align: justify\">La col\u00b7laboraci\u00f3 entre els grups d&#8217;investigaci\u00f3 de la UMH i la UV ha perm\u00e9s avan\u00e7ar en el coneixement de la diversitat microbiana d&#8217;ecosistemes aqu\u00e0tics i aportar noves dades sobre l&#8217;Albufera de Val\u00e8ncia i el Mar Menor. Esta col\u00b7laboraci\u00f3 continua en la busca dels mecanismes explicatius dels patrons de biodiversitat microbiana en els ecosistemes aqu\u00e0tics. A m\u00e9s, permet con\u00e9ixer els metabolismes microbians que dominen en estos ambients, determinants per a comprendre el funcionament dels cicles biogeoqu\u00edmicos, tant a escala regional com a planet\u00e0ria.<\/p>\n<p><\/p>","protected":false},"excerpt":{"rendered":"<p>Investigadors del Grup de Gen\u00f2mica Evolutiva de la Universitat Miguel Hern\u00e1ndez (UMH) d&#8217;Elx, amb la col\u00b7laboraci\u00f3 d&#8217;investigadors de l&#8217;Institut Cavanilles de Biodiversitat i Biologia Evolutiva del Parc Cient\u00edfic de la Universitat de Val\u00e8ncia (UV), han descobert el bacteri aqu\u00e0tic m\u00e9s xicotet descrit fins ara en tot el m\u00f3n. En l&#8217;estudi, publicat en la revista cient\u00edfica [&#8230;]<\/p>\n","protected":false},"author":2791,"featured_media":0,"comment_status":"closed","ping_status":"open","sticky":false,"template":"","format":"standard","meta":{"ngg_post_thumbnail":0,"_links_to":"","_links_to_target":""},"categories":[770,69,2782,191,2786,43,2777],"tags":[],"_links":{"self":[{"href":"https:\/\/comunicacion.umh.es\/ca\/wp-json\/wp\/v2\/posts\/65425"}],"collection":[{"href":"https:\/\/comunicacion.umh.es\/ca\/wp-json\/wp\/v2\/posts"}],"about":[{"href":"https:\/\/comunicacion.umh.es\/ca\/wp-json\/wp\/v2\/types\/post"}],"author":[{"embeddable":true,"href":"https:\/\/comunicacion.umh.es\/ca\/wp-json\/wp\/v2\/users\/2791"}],"replies":[{"embeddable":true,"href":"https:\/\/comunicacion.umh.es\/ca\/wp-json\/wp\/v2\/comments?post=65425"}],"version-history":[{"count":0,"href":"https:\/\/comunicacion.umh.es\/ca\/wp-json\/wp\/v2\/posts\/65425\/revisions"}],"wp:attachment":[{"href":"https:\/\/comunicacion.umh.es\/ca\/wp-json\/wp\/v2\/media?parent=65425"}],"wp:term":[{"taxonomy":"category","embeddable":true,"href":"https:\/\/comunicacion.umh.es\/ca\/wp-json\/wp\/v2\/categories?post=65425"},{"taxonomy":"post_tag","embeddable":true,"href":"https:\/\/comunicacion.umh.es\/ca\/wp-json\/wp\/v2\/tags?post=65425"}],"curies":[{"name":"wp","href":"https:\/\/api.w.org\/{rel}","templated":true}]}}