{"id":65623,"date":"2013-09-23T12:30:00","date_gmt":"2013-09-23T10:30:00","guid":{"rendered":"http:\/\/comunicacion.umh.es\/?p=65623"},"modified":"2013-09-26T11:11:37","modified_gmt":"2013-09-26T09:11:37","slug":"investigadores-de-la-umh-identifican-una-proteina-que-abre-nuevas-vias-terapeuticas-en-el-tratamiento-de-la-dependencia-a-la-nicotina","status":"publish","type":"post","link":"https:\/\/comunicacion.umh.es\/ca\/2013\/09\/23\/investigadores-de-la-umh-identifican-una-proteina-que-abre-nuevas-vias-terapeuticas-en-el-tratamiento-de-la-dependencia-a-la-nicotina\/","title":{"rendered":"Investigadors de la UMH identifiquen una prote\u00efna que obri noves vies terap\u00e8utiques en el tractament de la depend\u00e8ncia a la nicotina"},"content":{"rendered":"<p><\/p>\n<p style=\"text-align: justify\">Un estudi, dirigit pel catedr\u00e0tic de Farmacologia de la UMH Jorge Pomerars, demostra per primera vegada la implicaci\u00f3 de la prote\u00efna cannabinoide de tipus 2 (receptor CB2) en els efectes addictius que produ\u00efx la nicotina. Esta investigaci\u00f3 suggerix que el receptor CB2 podria constituir una diana terap\u00e8utica per al tractament d&#8217;esta depend\u00e8ncia. En este treball han col\u00b7laborat l&#8217;equip d&#8217;investigaci\u00f3 del professor del Departament de Psicobiolog\u00eda de la Universitat de Val\u00e8ncia, Jos\u00e9 Mi\u00f1arro, i el del professor del Laboratori de Neurofarmacolog\u00eda de la Universitat Pompeu Fabra de Barcelona, Rafael Maldonado.<!--more--><\/p>\n<p style=\"text-align: justify\"><a href=\"https:\/\/comunicacion.umh.es\/files\/2013\/09\/23-09-13-Estudio-nicotina_Blog1.jpg\"><img loading=\"lazy\" class=\"alignleft size-medium wp-image-65773\" alt=\"23-09-13-Estudio nicotina_Blog\" src=\"https:\/\/comunicacion.umh.es\/files\/2013\/09\/23-09-13-Estudio-nicotina_Blog1-300x185.jpg\" width=\"300\" height=\"185\" srcset=\"https:\/\/comunicacion.umh.es\/files\/2013\/09\/23-09-13-Estudio-nicotina_Blog1-300x185.jpg 300w, https:\/\/comunicacion.umh.es\/files\/2013\/09\/23-09-13-Estudio-nicotina_Blog1-1024x632.jpg 1024w\" sizes=\"(max-width: 300px) 100vw, 300px\" \/><\/a><\/p>\n<p style=\"text-align: justify\">Esta investigaci\u00f3, publicada en la revista cient\u00edfica Neuropsychopharmacology, s&#8217;ha dut a terme en l&#8217;Institut de Neuroci\u00e8ncies, centre mixt de la Universitat Miguel Hern\u00e1ndez (UMH) d&#8217;Elx i el Consell Superior d&#8217;Investigacions Cient\u00edfiques (CSIC), ubicat en el campus de Sant Joan d&#8217;Alacant de la UMH.<\/p>\n<p style=\"text-align: justify\">Per a realitzar l&#8217;estudi, els investigadors han explorat diferents aspectes relacionats amb l&#8217;addicci\u00f3 a la nicotina com els efectes de l&#8217;ambient sobre les accions de la nicotina, la capacitat dels ratolins per a autoadministrar-se nicotina (refor\u00e7 i motivaci\u00f3 pel consum) i la s\u00edndrome d&#8217;abstin\u00e8ncia. A m\u00e9s, s&#8217;han identificat algunes alteracions cerebrals associades amb els canvis observats en els estudis de conducta.<\/p>\n<p style=\"text-align: justify\">El professor de la UMH, Jorge Pomerars, ha assenyalat que &#8220;els ratolins que no tenen el receptor CB2 (CB2KO) no van mostrar cap tipus de prefer\u00e8ncia per aquells ambients associats a l&#8217;administraci\u00f3 de la nicotina en la prova de condicionament de prefer\u00e8ncia de lloc i tampoc van ser capa\u00e7os de realitzar la tasca necess\u00e0ria per a poder aconseguir autoadministrar-se per via intravenosa la droga, fen\u00f2mens que tamb\u00e9 van ser observables en els ratolins tractats amb el f\u00e0rmac AM630 que bloqueja l&#8217;acci\u00f3 dels receptors CB2. Estes troballes suggerixen que estos receptors exercixen un paper crucial en la regulaci\u00f3 dels efectes que la nicotina produ\u00efx en el cervell&#8221;.<\/p>\n<p style=\"text-align: justify\">D&#8217;altra banda, els investigadors han mesurat l&#8217;expressi\u00f3 d&#8217;alguns gens directament implicats en les accions de la nicotina en el cervell i han observat una difer\u00e8ncia significativa entre els ratolins CB2KO i els ratolins controls. Aix\u00ed mateix, els estudis inmunohistoqu\u00edmics duts a terme pel catedr\u00e0tic d&#8217;Histologia de la UMH, Pere Berbel, han demostrat per primera vegada que els receptors CB2 estan expressats junt amb receptors nicot\u00ednics en unes quantes regions cerebrals, fenomen que refor\u00e7a la import\u00e0ncia dels receptors CB2 en els mecanismes que regulen la depend\u00e8ncia a la nicotina.<\/p>\n<p style=\"text-align: justify\">Els mecanismes que &#8220;enganxen&#8221; quan es consumix nicotina no es coneixen amb precisi\u00f3, per\u00f2 s&#8217;ha suggerit que alguns circuits cerebrals (sistema dopamin\u00e9rgic mesol\u00edmbic) poden exercir un rellevant paper en l&#8217;acci\u00f3 que refor\u00e7a (que augmenta el desig de consum) de la droga. Despr\u00e9s del cessament del consum de nicotina apareix una s\u00edndrome d&#8217;abstin\u00e8ncia que es caracteritza per un conjunt de s\u00edmptomes com la irritabilitat, el nerviosisme, la tremolor i l&#8217;elevada ansietat. Esta s\u00edndrome \u00e9s la principal causa del frac\u00e0s terap\u00e8utic en els fumadors que intenten deixar l&#8217;h\u00e0bit del tabac, per la qual cosa una reducci\u00f3 d&#8217;esta simptomatologia seria de gran utilitat per a ajudar el pacient a deixar de fumar.<\/p>\n<p style=\"text-align: justify\">La identificaci\u00f3 d&#8217;un nou receptor de la qual la manipulaci\u00f3 farmacol\u00f2gica siga capa\u00e7 de reduir la depend\u00e8ncia del tabac podria resultar una interessant ferramenta per al tractament d&#8217;esta addicci\u00f3 encara molt estesa en la poblaci\u00f3.<\/p>\n<p><\/p>","protected":false},"excerpt":{"rendered":"<p>Un estudi, dirigit pel catedr\u00e0tic de Farmacologia de la UMH Jorge Pomerars, demostra per primera vegada la implicaci\u00f3 de la prote\u00efna cannabinoide de tipus 2 (receptor CB2) en els efectes addictius que produ\u00efx la nicotina. Esta investigaci\u00f3 suggerix que el receptor CB2 podria constituir una diana terap\u00e8utica per al tractament d&#8217;esta depend\u00e8ncia. En este treball [&#8230;]<\/p>\n","protected":false},"author":2693,"featured_media":0,"comment_status":"closed","ping_status":"open","sticky":false,"template":"","format":"standard","meta":{"ngg_post_thumbnail":0,"_links_to":"","_links_to_target":""},"categories":[770,69,2782,191,2786,43,2778,2777],"tags":[],"_links":{"self":[{"href":"https:\/\/comunicacion.umh.es\/ca\/wp-json\/wp\/v2\/posts\/65623"}],"collection":[{"href":"https:\/\/comunicacion.umh.es\/ca\/wp-json\/wp\/v2\/posts"}],"about":[{"href":"https:\/\/comunicacion.umh.es\/ca\/wp-json\/wp\/v2\/types\/post"}],"author":[{"embeddable":true,"href":"https:\/\/comunicacion.umh.es\/ca\/wp-json\/wp\/v2\/users\/2693"}],"replies":[{"embeddable":true,"href":"https:\/\/comunicacion.umh.es\/ca\/wp-json\/wp\/v2\/comments?post=65623"}],"version-history":[{"count":0,"href":"https:\/\/comunicacion.umh.es\/ca\/wp-json\/wp\/v2\/posts\/65623\/revisions"}],"wp:attachment":[{"href":"https:\/\/comunicacion.umh.es\/ca\/wp-json\/wp\/v2\/media?parent=65623"}],"wp:term":[{"taxonomy":"category","embeddable":true,"href":"https:\/\/comunicacion.umh.es\/ca\/wp-json\/wp\/v2\/categories?post=65623"},{"taxonomy":"post_tag","embeddable":true,"href":"https:\/\/comunicacion.umh.es\/ca\/wp-json\/wp\/v2\/tags?post=65623"}],"curies":[{"name":"wp","href":"https:\/\/api.w.org\/{rel}","templated":true}]}}