{"id":67036,"date":"2013-10-25T13:12:12","date_gmt":"2013-10-25T11:12:12","guid":{"rendered":"http:\/\/comunicacion.umh.es\/?p=67036"},"modified":"2013-11-04T15:01:27","modified_gmt":"2013-11-04T14:01:27","slug":"ayudas-para-jovenes-deportistas-de-alto-nivel-que-estudien-en-centros-de-educacion-secundaria-de-la-provincia","status":"publish","type":"post","link":"https:\/\/comunicacion.umh.es\/ca\/2013\/10\/25\/ayudas-para-jovenes-deportistas-de-alto-nivel-que-estudien-en-centros-de-educacion-secundaria-de-la-provincia\/","title":{"rendered":"Ajudes per a j\u00f3vens esportistes d&#8217;alt nivell que estudien Batxillerat i Cicles Formatius de Grau Superior"},"content":{"rendered":"<p><\/p>\n<p style=\"text-align: justify\">El Vicerectorat d&#8217;Estudiants i Esports de la Universitat Miguel Hern\u00e1ndez (UMH) d&#8217;Elx ha publicat una convocat\u00f2ria d&#8217;ajudes per a incentivar l&#8217;activitat esportiva i acad\u00e8mica de j\u00f3vens esportistes d&#8217;alt nivell que estiguen cursant els estudis de Batxillerat o Cicles Formatius de Grau Superior. La Universitat, dins del programa UMH Promeses, seleccionar\u00e0 a 10 j\u00f3vens esportistes entre les sol\u00b7licituds rebudes dels centres d&#8217;educaci\u00f3 secund\u00e0ria de la prov\u00edncia d&#8217;Alacant.<!--more--><\/p>\n<p style=\"text-align: justify\"><a href=\"https:\/\/comunicacion.umh.es\/files\/2013\/10\/25-10-13-umh-promesas1.jpg\"><img loading=\"lazy\" class=\"alignleft size-medium wp-image-67074\" alt=\"25-10-13-umh promesas\" src=\"https:\/\/comunicacion.umh.es\/files\/2013\/10\/25-10-13-umh-promesas1-300x200.jpg\" width=\"300\" height=\"200\" srcset=\"https:\/\/comunicacion.umh.es\/files\/2013\/10\/25-10-13-umh-promesas1-300x200.jpg 300w, https:\/\/comunicacion.umh.es\/files\/2013\/10\/25-10-13-umh-promesas1-1024x682.jpg 1024w\" sizes=\"(max-width: 300px) 100vw, 300px\" \/><\/a><\/p>\n<p style=\"text-align: justify\">Els seleccionats disfrutaran dels servicis esportius que oferix el Centre d&#8217;Investigaci\u00f3 de l&#8217;Esport de la UMH, entre els que s&#8217;inclouen proves d&#8217;esfor\u00e7, assessorament nutricional i seguiment de la condici\u00f3 f\u00edsica al llarg de la temporada. Estos servicis els permetran optimitzar el seu rendiment esportiu al mateix temps que el seu rendiment acad\u00e8mic durant la seua etapa preuniversit\u00e0ria.<\/p>\n<p style=\"text-align: justify\">A m\u00e9s, aquells j\u00f3vens que desitgen cursar els seus estudis universitaris en la UMH disfrutaran d&#8217;una beca per l&#8217;import de la matr\u00edcula en primer curs de grau en qualsevol titulaci\u00f3.<\/p>\n<p style=\"text-align: justify\">Les sol\u00b7licituds es podran presentar fins al 12 de novembre en el registre de la Universitat.<\/p>\n<p style=\"text-align: justify\">Tota la informaci\u00f3 sobre la convocat\u00f2ria i la descripci\u00f3 de tots els avantatges d&#8217;este programa es pot trobar en <a href=\"http:\/\/estudiantes.umh.es\/promesas\">http:\/\/estudiantes.umh.es\/promesas<\/a><\/p>\n<p><\/p>","protected":false},"excerpt":{"rendered":"<p>El Vicerectorat d&#8217;Estudiants i Esports de la Universitat Miguel Hern\u00e1ndez (UMH) d&#8217;Elx ha publicat una convocat\u00f2ria d&#8217;ajudes per a incentivar l&#8217;activitat esportiva i acad\u00e8mica de j\u00f3vens esportistes d&#8217;alt nivell que estiguen cursant els estudis de Batxillerat o Cicles Formatius de Grau Superior. La Universitat, dins del programa UMH Promeses, seleccionar\u00e0 a 10 j\u00f3vens esportistes entre [&#8230;]<\/p>\n","protected":false},"author":2677,"featured_media":0,"comment_status":"closed","ping_status":"open","sticky":false,"template":"","format":"standard","meta":{"ngg_post_thumbnail":0,"_links_to":"","_links_to_target":""},"categories":[770,69,2782,2783,43,2781,2785,2777],"tags":[],"_links":{"self":[{"href":"https:\/\/comunicacion.umh.es\/ca\/wp-json\/wp\/v2\/posts\/67036"}],"collection":[{"href":"https:\/\/comunicacion.umh.es\/ca\/wp-json\/wp\/v2\/posts"}],"about":[{"href":"https:\/\/comunicacion.umh.es\/ca\/wp-json\/wp\/v2\/types\/post"}],"author":[{"embeddable":true,"href":"https:\/\/comunicacion.umh.es\/ca\/wp-json\/wp\/v2\/users\/2677"}],"replies":[{"embeddable":true,"href":"https:\/\/comunicacion.umh.es\/ca\/wp-json\/wp\/v2\/comments?post=67036"}],"version-history":[{"count":0,"href":"https:\/\/comunicacion.umh.es\/ca\/wp-json\/wp\/v2\/posts\/67036\/revisions"}],"wp:attachment":[{"href":"https:\/\/comunicacion.umh.es\/ca\/wp-json\/wp\/v2\/media?parent=67036"}],"wp:term":[{"taxonomy":"category","embeddable":true,"href":"https:\/\/comunicacion.umh.es\/ca\/wp-json\/wp\/v2\/categories?post=67036"},{"taxonomy":"post_tag","embeddable":true,"href":"https:\/\/comunicacion.umh.es\/ca\/wp-json\/wp\/v2\/tags?post=67036"}],"curies":[{"name":"wp","href":"https:\/\/api.w.org\/{rel}","templated":true}]}}