{"id":67368,"date":"2013-11-04T13:32:23","date_gmt":"2013-11-04T12:32:23","guid":{"rendered":"http:\/\/comunicacion.umh.es\/?p=67368"},"modified":"2013-11-05T11:55:43","modified_gmt":"2013-11-05T10:55:43","slug":"la-umh-reconoce-la-labor-del-profesorado-con-los-premios-al-talento-docente","status":"publish","type":"post","link":"https:\/\/comunicacion.umh.es\/ca\/2013\/11\/04\/la-umh-reconoce-la-labor-del-profesorado-con-los-premios-al-talento-docente\/","title":{"rendered":"La UMH reconeix la labor del professorat amb els Premis al Talent Docent"},"content":{"rendered":"<p><\/p>\n<p style=\"text-align: justify\">El Consell de Govern de la Universitat Miguel Hern\u00e1ndez (UMH) d&#8217;Elx ha aprovat en la seua \u00faltima sessi\u00f3 la posada en marxa dels Premis UMH al Talent Docent. Estos Premis estan lligats al Programa Docentia-UMH, que l&#8217;Ag\u00e8ncia Nacional d&#8217;Avaluaci\u00f3 de la Qualitat i Acreditaci\u00f3 (ANECA) ha avaluat positivament. Amb estos guardons, que hauran de ser ratificats pel Consell Social, la Universitat reconeix la labor dels professors &#8220;per les seues bones pr\u00e0ctiques, la seua creativitat did\u00e0ctica i el comprom\u00eds i responsabilitat amb la formaci\u00f3 integral dels estudiants&#8221;.<!--more--><\/p>\n<p style=\"text-align: justify\"><a href=\"https:\/\/comunicacion.umh.es\/files\/2009\/02\/rectorado.png\"><img loading=\"lazy\" class=\"alignleft size-medium wp-image-312\" alt=\"rectorado.png\" src=\"https:\/\/comunicacion.umh.es\/files\/2009\/02\/rectorado-300x199.png\" width=\"300\" height=\"199\" srcset=\"https:\/\/comunicacion.umh.es\/files\/2009\/02\/rectorado-300x199.png 300w, https:\/\/comunicacion.umh.es\/files\/2009\/02\/rectorado.png 640w\" sizes=\"(max-width: 300px) 100vw, 300px\" \/><\/a><\/p>\n<p style=\"text-align: justify\">La UMH ha establit 30 premis, dotats amb 1.500 euros cada u, que es distribuiran entre les branques acad\u00e8miques de &#8220;Ci\u00e8ncies de la Salut&#8221;, &#8220;Ci\u00e8ncies Experimentals i Ensenyances T\u00e8cniques&#8221; i &#8221; Ci\u00e8ncies Socials, Jur\u00eddiques i Humanitats&#8221;.<\/p>\n<p style=\"text-align: justify\">A esta convocat\u00f2ria podran accedir tots els professors que hagen sol\u00b7licitat la valoraci\u00f3 de l&#8217;activitat docent d&#8217;acord amb els criteris i el procediment establit en el Programa Docentia-UMH. Esta valoraci\u00f3 comprendr\u00e0 els quatre cursos acad\u00e8mics anteriors al de la formulaci\u00f3 de la sol\u00b7licitud (des del curs 2009\/2010 al curs 2012\/2013).<\/p>\n<p style=\"text-align: justify\">Una vegada que este acord siga ratificat pel Consell Social de la UMH, el Vicerectorat de Recursos Humans publicar\u00e0 les bases de la convocat\u00f2ria dels Premis UMH al Talent Docent.<\/p>\n<p><\/p>","protected":false},"excerpt":{"rendered":"<p>El Consell de Govern de la Universitat Miguel Hern\u00e1ndez (UMH) d&#8217;Elx ha aprovat en la seua \u00faltima sessi\u00f3 la posada en marxa dels Premis UMH al Talent Docent. Estos Premis estan lligats al Programa Docentia-UMH, que l&#8217;Ag\u00e8ncia Nacional d&#8217;Avaluaci\u00f3 de la Qualitat i Acreditaci\u00f3 (ANECA) ha avaluat positivament. Amb estos guardons, que hauran de ser [&#8230;]<\/p>\n","protected":false},"author":2693,"featured_media":0,"comment_status":"closed","ping_status":"open","sticky":false,"template":"","format":"standard","meta":{"ngg_post_thumbnail":0,"_links_to":"","_links_to_target":""},"categories":[770,2791,69,2782,43,2777,2145],"tags":[],"_links":{"self":[{"href":"https:\/\/comunicacion.umh.es\/ca\/wp-json\/wp\/v2\/posts\/67368"}],"collection":[{"href":"https:\/\/comunicacion.umh.es\/ca\/wp-json\/wp\/v2\/posts"}],"about":[{"href":"https:\/\/comunicacion.umh.es\/ca\/wp-json\/wp\/v2\/types\/post"}],"author":[{"embeddable":true,"href":"https:\/\/comunicacion.umh.es\/ca\/wp-json\/wp\/v2\/users\/2693"}],"replies":[{"embeddable":true,"href":"https:\/\/comunicacion.umh.es\/ca\/wp-json\/wp\/v2\/comments?post=67368"}],"version-history":[{"count":0,"href":"https:\/\/comunicacion.umh.es\/ca\/wp-json\/wp\/v2\/posts\/67368\/revisions"}],"wp:attachment":[{"href":"https:\/\/comunicacion.umh.es\/ca\/wp-json\/wp\/v2\/media?parent=67368"}],"wp:term":[{"taxonomy":"category","embeddable":true,"href":"https:\/\/comunicacion.umh.es\/ca\/wp-json\/wp\/v2\/categories?post=67368"},{"taxonomy":"post_tag","embeddable":true,"href":"https:\/\/comunicacion.umh.es\/ca\/wp-json\/wp\/v2\/tags?post=67368"}],"curies":[{"name":"wp","href":"https:\/\/api.w.org\/{rel}","templated":true}]}}