{"id":67721,"date":"2013-11-12T13:00:09","date_gmt":"2013-11-12T12:00:09","guid":{"rendered":"http:\/\/comunicacion.umh.es\/?p=67721"},"modified":"2013-11-20T11:53:54","modified_gmt":"2013-11-20T10:53:54","slug":"investigadores-de-la-umh-participan-en-el-desarrollo-de-una-nueva-terapia-contra-el-sida-mas-eficaz-que-las-actuales","status":"publish","type":"post","link":"https:\/\/comunicacion.umh.es\/ca\/2013\/11\/12\/investigadores-de-la-umh-participan-en-el-desarrollo-de-una-nueva-terapia-contra-el-sida-mas-eficaz-que-las-actuales\/","title":{"rendered":"Nova ter\u00e0pia contra la SIDA m\u00e9s efica\u00e7 que les actuals"},"content":{"rendered":"<p><\/p>\n<p style=\"text-align: justify\">El professor del Departament de Medicina Cl\u00ednica de la Universitat Miguel Hern\u00e1ndez (UMH) d&#8217;Elx F\u00e9lix Guti\u00e9rrez ha participat en un estudi internacional que ha demostrat que una nova ter\u00e0pia per al VIH\/SIDA \u00e9s m\u00e9s efica\u00e7 i t\u00e9 menys efectes secundaris que els tractaments empleats fins ara. Les conclusions d&#8217;este estudi, en el que han participat pacients de l&#8217;Hospital General Universitari d&#8217;Elx, s&#8217;han publicat en la revista m\u00e8dica The New England Journal of Medique.<!--more--><\/p>\n<p style=\"text-align: justify\"><a href=\"https:\/\/comunicacion.umh.es\/files\/2013\/11\/12-11-13-SIDA-Felix-Gutierrez_medios-y-blog1.jpg\"><img loading=\"lazy\" class=\"alignleft size-medium wp-image-68087\" alt=\"12-11-13- SIDA- Felix Gutierrez_medios y blog\" src=\"https:\/\/comunicacion.umh.es\/files\/2013\/11\/12-11-13-SIDA-Felix-Gutierrez_medios-y-blog1-266x300.jpg\" width=\"266\" height=\"300\" srcset=\"https:\/\/comunicacion.umh.es\/files\/2013\/11\/12-11-13-SIDA-Felix-Gutierrez_medios-y-blog1-266x300.jpg 266w, https:\/\/comunicacion.umh.es\/files\/2013\/11\/12-11-13-SIDA-Felix-Gutierrez_medios-y-blog1-910x1024.jpg 910w\" sizes=\"(max-width: 266px) 100vw, 266px\" \/><\/a><\/p>\n<p style=\"text-align: justify\">Els resultats d&#8217;este estudi permeten concloure que esta nova pauta terap\u00e8utica, que cont\u00e9 un inhibidor de la integraci\u00f3 del virus en combinaci\u00f3 amb dos inhibidors de la transcriptasa viral, \u00e9s m\u00e9s efica\u00e7 que el tractament est\u00e0ndard, empleat actualment per a la infecci\u00f3 pel VIH\/SIDA, i t\u00e9 un millor perfil de seguretat.<\/p>\n<p style=\"text-align: justify\">\n<p style=\"text-align: justify\">Els tractaments actuals per a la infecci\u00f3 pel VIH\/SIDA consistixen en la combinaci\u00f3 de tres f\u00e0rmacs que inhibixen dos enzims fonamentals del cicle del virus: la transcriptasa inversa i la proteasa. Si b\u00e9 amb estes combinacions s&#8217;aconseguix suprimir la replicaci\u00f3 v\u00edrica en la majoria dels casos, en una proporci\u00f3 variable dels pacients tractats es produ\u00efxen efectes secundaris importants que obliguen a suspendre el tractament y\/o el virus desenvolupa \u00a0mutacions de resist\u00e8ncia als f\u00e0rmacs, la qual cosa porta al frac\u00e0s terap\u00e8utic. Per este motiu, seguixen investigant-se noves dianes terap\u00e8utiques i pautes amb major efic\u00e0cia i millor perfil de seguretat que les utilitzades actualment.<\/p>\n<p style=\"text-align: justify\">\n<p style=\"text-align: justify\">En l&#8217;estudi de la nova ter\u00e0pia contra la SIDA s&#8217;ha analitzat un total de 833 pacients d&#8217;Europa, EE.UU. i Canad\u00e0. L&#8217;assaig ha comptat amb la participaci\u00f3 del professor de la UMH i cap de la Unitat de Malalties Infeccioses de l&#8217;Hospital Universitari d&#8217;Elx com coinvestigador principal i s&#8217;han incl\u00f2s pacients del centre sanitari il\u00b7licit\u00e0.<\/p>\n<p style=\"text-align: justify\">\n<p style=\"text-align: justify\">L&#8217;estudi es basa en un assaig cl\u00ednic aleatori, doble cec, en adults que no havien rebut tractament previ per a la infecci\u00f3 per VIH. Els participants van ser assignats aleat\u00f2riament a rebre el nou tractament (dolutegravir m\u00e9s abacavir-lamivudina (DTG- ABC- 3TC)) o la ter\u00e0pia de combinaci\u00f3 est\u00e0ndard (amb efavirenz, tenofovir i emtricitabina (EFV -FTC -TDF). El criteri principal de valoraci\u00f3 va ser la proporci\u00f3 de pacients amb c\u00e0rrega v\u00edrica pl\u00e0smica indetectable a l&#8217;any d&#8217;iniciar el tractament. Els objectius secundaris inclo\u00efen el temps fins a la supressi\u00f3 viral, el canvi en el recompte de limf\u00f2cits (T CD4 +), la seguretat dels tractaments i l&#8217;aparici\u00f3 de mutacions de resist\u00e8ncia en el virus.<\/p>\n<p style=\"text-align: justify\">Segons el professor F\u00e9lix Guti\u00e9rrez, a l&#8217;any d&#8217;haver comen\u00e7at el nou tractament, la proporci\u00f3 de pacients amb c\u00e0rrega v\u00edrica indetectable va ser significativament major en el grup que va rebre l&#8217;inhibidor de la integrasa. En este grup es va aconseguir m\u00e9s r\u00e0pidament la supressi\u00f3 viral i la recuperaci\u00f3 de limf\u00f2cits va ser major. La proporci\u00f3 de participants que van interrompre el tractament degut a efectes adversos va ser menor en el grup tractat amb l&#8217;inhibidor de la integrasa (2 % vs 10 %). Cap dels virus dels participants tractats amb la nova ter\u00e0pia va desenvolupar mutacions de resist\u00e8ncia. Al contrari, en 5 dels pacients amb frac\u00e0s virol\u00f3gic que van ser tractats amb la ter\u00e0pia anterior es van detectar resist\u00e8ncies a alguns dels f\u00e0rmacs de la combinaci\u00f3.<\/p>\n<p style=\"text-align: justify\">\n<p><\/p>","protected":false},"excerpt":{"rendered":"<p>El professor del Departament de Medicina Cl\u00ednica de la Universitat Miguel Hern\u00e1ndez (UMH) d&#8217;Elx F\u00e9lix Guti\u00e9rrez ha participat en un estudi internacional que ha demostrat que una nova ter\u00e0pia per al VIH\/SIDA \u00e9s m\u00e9s efica\u00e7 i t\u00e9 menys efectes secundaris que els tractaments empleats fins ara. Les conclusions d&#8217;este estudi, en el que han participat [&#8230;]<\/p>\n","protected":false},"author":2846,"featured_media":0,"comment_status":"closed","ping_status":"open","sticky":false,"template":"","format":"standard","meta":{"ngg_post_thumbnail":0,"_links_to":"","_links_to_target":""},"categories":[770,69,2782,191,2786,43,2778,2781,2777],"tags":[],"_links":{"self":[{"href":"https:\/\/comunicacion.umh.es\/ca\/wp-json\/wp\/v2\/posts\/67721"}],"collection":[{"href":"https:\/\/comunicacion.umh.es\/ca\/wp-json\/wp\/v2\/posts"}],"about":[{"href":"https:\/\/comunicacion.umh.es\/ca\/wp-json\/wp\/v2\/types\/post"}],"author":[{"embeddable":true,"href":"https:\/\/comunicacion.umh.es\/ca\/wp-json\/wp\/v2\/users\/2846"}],"replies":[{"embeddable":true,"href":"https:\/\/comunicacion.umh.es\/ca\/wp-json\/wp\/v2\/comments?post=67721"}],"version-history":[{"count":0,"href":"https:\/\/comunicacion.umh.es\/ca\/wp-json\/wp\/v2\/posts\/67721\/revisions"}],"wp:attachment":[{"href":"https:\/\/comunicacion.umh.es\/ca\/wp-json\/wp\/v2\/media?parent=67721"}],"wp:term":[{"taxonomy":"category","embeddable":true,"href":"https:\/\/comunicacion.umh.es\/ca\/wp-json\/wp\/v2\/categories?post=67721"},{"taxonomy":"post_tag","embeddable":true,"href":"https:\/\/comunicacion.umh.es\/ca\/wp-json\/wp\/v2\/tags?post=67721"}],"curies":[{"name":"wp","href":"https:\/\/api.w.org\/{rel}","templated":true}]}}