{"id":71999,"date":"2014-03-12T12:42:32","date_gmt":"2014-03-12T11:42:32","guid":{"rendered":"http:\/\/comunicacion.umh.es\/?p=71999"},"modified":"2014-03-12T12:42:32","modified_gmt":"2014-03-12T11:42:32","slug":"la-umh-proyecta-los-cortos-ganadores-del-ii-y-iii-concurso-de-cortometrajes-de-la-catedra-miguel-hernandez-en-fnac-murcia","status":"publish","type":"post","link":"https:\/\/comunicacion.umh.es\/ca\/2014\/03\/12\/la-umh-proyecta-los-cortos-ganadores-del-ii-y-iii-concurso-de-cortometrajes-de-la-catedra-miguel-hernandez-en-fnac-murcia\/","title":{"rendered":"<span lang=\"es\">(Espa\u00f1ol) La UMH proyecta los cortos ganadores del II y III Concurso de Cortometrajes de la C\u00e1tedra Miguel Hern\u00e1ndez en Fnac Murcia<\/span>"},"content":{"rendered":"<p class=\"qtranxs-available-languages-message qtranxs-available-languages-message-ca\">Ho sent, per\u00f2 aquesta entrada nom\u00e9s est\u00e0 disponible en <a href=\"https:\/\/comunicacion.umh.es\/es\/wp-json\/wp\/v2\/posts\/71999\" class=\"qtranxs-available-language-link qtranxs-available-language-link-es\" title=\"Espa\u00f1ol\">Espanyol Europeu<\/a>.<\/p>","protected":false},"excerpt":{"rendered":"<p>Ho sent, per\u00f2 aquesta entrada nom\u00e9s est\u00e0 disponible en Espanyol Europeu.<\/p>\n","protected":false},"author":2993,"featured_media":0,"comment_status":"closed","ping_status":"open","sticky":false,"template":"","format":"standard","meta":{"ngg_post_thumbnail":0,"_links_to":"","_links_to_target":""},"categories":[770,69,2782,2783,2790,43],"tags":[],"_links":{"self":[{"href":"https:\/\/comunicacion.umh.es\/ca\/wp-json\/wp\/v2\/posts\/71999"}],"collection":[{"href":"https:\/\/comunicacion.umh.es\/ca\/wp-json\/wp\/v2\/posts"}],"about":[{"href":"https:\/\/comunicacion.umh.es\/ca\/wp-json\/wp\/v2\/types\/post"}],"author":[{"embeddable":true,"href":"https:\/\/comunicacion.umh.es\/ca\/wp-json\/wp\/v2\/users\/2993"}],"replies":[{"embeddable":true,"href":"https:\/\/comunicacion.umh.es\/ca\/wp-json\/wp\/v2\/comments?post=71999"}],"version-history":[{"count":0,"href":"https:\/\/comunicacion.umh.es\/ca\/wp-json\/wp\/v2\/posts\/71999\/revisions"}],"wp:attachment":[{"href":"https:\/\/comunicacion.umh.es\/ca\/wp-json\/wp\/v2\/media?parent=71999"}],"wp:term":[{"taxonomy":"category","embeddable":true,"href":"https:\/\/comunicacion.umh.es\/ca\/wp-json\/wp\/v2\/categories?post=71999"},{"taxonomy":"post_tag","embeddable":true,"href":"https:\/\/comunicacion.umh.es\/ca\/wp-json\/wp\/v2\/tags?post=71999"}],"curies":[{"name":"wp","href":"https:\/\/api.w.org\/{rel}","templated":true}]}}