{"id":74181,"date":"2014-05-15T13:46:32","date_gmt":"2014-05-15T11:46:32","guid":{"rendered":"http:\/\/comunicacion.umh.es\/?p=74181"},"modified":"2014-05-15T14:04:39","modified_gmt":"2014-05-15T12:04:39","slug":"la-umh-se-situa-entre-las-universidades-publicas-espanolas-mas-productivas-segun-el-ranking-de-la-fundacion-bbva-y-el-ivie","status":"publish","type":"post","link":"https:\/\/comunicacion.umh.es\/ca\/2014\/05\/15\/la-umh-se-situa-entre-las-universidades-publicas-espanolas-mas-productivas-segun-el-ranking-de-la-fundacion-bbva-y-el-ivie\/","title":{"rendered":"<span lang=\"es\">(Espa\u00f1ol) La UMH se sit\u00faa entre las universidades p\u00fablicas espa\u00f1olas m\u00e1s productivas, seg\u00fan el ranking de la Fundaci\u00f3n BBVA y el IVIE<\/span>"},"content":{"rendered":"<p class=\"qtranxs-available-languages-message qtranxs-available-languages-message-ca\">Ho sent, per\u00f2 aquesta entrada nom\u00e9s est\u00e0 disponible en <a href=\"https:\/\/comunicacion.umh.es\/es\/wp-json\/wp\/v2\/posts\/74181\" class=\"qtranxs-available-language-link qtranxs-available-language-link-es\" title=\"Espa\u00f1ol\">Espanyol Europeu<\/a>.<\/p>","protected":false},"excerpt":{"rendered":"<p>Ho sent, per\u00f2 aquesta entrada nom\u00e9s est\u00e0 disponible en Espanyol Europeu.<\/p>\n","protected":false},"author":2993,"featured_media":0,"comment_status":"closed","ping_status":"open","sticky":false,"template":"","format":"standard","meta":{"ngg_post_thumbnail":0,"_links_to":"","_links_to_target":""},"categories":[770,69,2782,2783,43,2785],"tags":[],"_links":{"self":[{"href":"https:\/\/comunicacion.umh.es\/ca\/wp-json\/wp\/v2\/posts\/74181"}],"collection":[{"href":"https:\/\/comunicacion.umh.es\/ca\/wp-json\/wp\/v2\/posts"}],"about":[{"href":"https:\/\/comunicacion.umh.es\/ca\/wp-json\/wp\/v2\/types\/post"}],"author":[{"embeddable":true,"href":"https:\/\/comunicacion.umh.es\/ca\/wp-json\/wp\/v2\/users\/2993"}],"replies":[{"embeddable":true,"href":"https:\/\/comunicacion.umh.es\/ca\/wp-json\/wp\/v2\/comments?post=74181"}],"version-history":[{"count":0,"href":"https:\/\/comunicacion.umh.es\/ca\/wp-json\/wp\/v2\/posts\/74181\/revisions"}],"wp:attachment":[{"href":"https:\/\/comunicacion.umh.es\/ca\/wp-json\/wp\/v2\/media?parent=74181"}],"wp:term":[{"taxonomy":"category","embeddable":true,"href":"https:\/\/comunicacion.umh.es\/ca\/wp-json\/wp\/v2\/categories?post=74181"},{"taxonomy":"post_tag","embeddable":true,"href":"https:\/\/comunicacion.umh.es\/ca\/wp-json\/wp\/v2\/tags?post=74181"}],"curies":[{"name":"wp","href":"https:\/\/api.w.org\/{rel}","templated":true}]}}