{"id":79142,"date":"2014-10-15T07:45:40","date_gmt":"2014-10-15T05:45:40","guid":{"rendered":"http:\/\/comunicacion.umh.es\/?p=79142"},"modified":"2014-12-23T15:18:34","modified_gmt":"2014-12-23T14:18:34","slug":"15-10-2014-rtve-linformatiu-comunitat-valenciana-noticia-sobre-el-xxxii-congreso-nacional-de-estudiantes-de-medicina","status":"publish","type":"post","link":"https:\/\/comunicacion.umh.es\/ca\/2014\/10\/15\/15-10-2014-rtve-linformatiu-comunitat-valenciana-noticia-sobre-el-xxxii-congreso-nacional-de-estudiantes-de-medicina\/","title":{"rendered":"<span lang=\"es\">(Espa\u00f1ol) (15-10-2014) RTVE L&#8217;Informatiu Comunitat Valenciana &#8211; Noticia sobre el XXXII Congreso Nacional de Estudiantes de Medicina de la UMH<\/span>"},"content":{"rendered":"<p class=\"qtranxs-available-languages-message qtranxs-available-languages-message-ca\">Ho sent, per\u00f2 aquesta entrada nom\u00e9s est\u00e0 disponible en <a href=\"https:\/\/comunicacion.umh.es\/es\/wp-json\/wp\/v2\/posts\/79142\" class=\"qtranxs-available-language-link qtranxs-available-language-link-es\" title=\"Espa\u00f1ol\">Espanyol Europeu<\/a>.<\/p>","protected":false},"excerpt":{"rendered":"<p>Ho sent, per\u00f2 aquesta entrada nom\u00e9s est\u00e0 disponible en Espanyol Europeu.<\/p>\n","protected":false},"author":2761,"featured_media":0,"comment_status":"closed","ping_status":"open","sticky":false,"template":"","format":"standard","meta":{"ngg_post_thumbnail":0,"_links_to":"","_links_to_target":""},"categories":[4656,1229,4385,4427],"tags":[],"_links":{"self":[{"href":"https:\/\/comunicacion.umh.es\/ca\/wp-json\/wp\/v2\/posts\/79142"}],"collection":[{"href":"https:\/\/comunicacion.umh.es\/ca\/wp-json\/wp\/v2\/posts"}],"about":[{"href":"https:\/\/comunicacion.umh.es\/ca\/wp-json\/wp\/v2\/types\/post"}],"author":[{"embeddable":true,"href":"https:\/\/comunicacion.umh.es\/ca\/wp-json\/wp\/v2\/users\/2761"}],"replies":[{"embeddable":true,"href":"https:\/\/comunicacion.umh.es\/ca\/wp-json\/wp\/v2\/comments?post=79142"}],"version-history":[{"count":0,"href":"https:\/\/comunicacion.umh.es\/ca\/wp-json\/wp\/v2\/posts\/79142\/revisions"}],"wp:attachment":[{"href":"https:\/\/comunicacion.umh.es\/ca\/wp-json\/wp\/v2\/media?parent=79142"}],"wp:term":[{"taxonomy":"category","embeddable":true,"href":"https:\/\/comunicacion.umh.es\/ca\/wp-json\/wp\/v2\/categories?post=79142"},{"taxonomy":"post_tag","embeddable":true,"href":"https:\/\/comunicacion.umh.es\/ca\/wp-json\/wp\/v2\/tags?post=79142"}],"curies":[{"name":"wp","href":"https:\/\/api.w.org\/{rel}","templated":true}]}}