{"id":79512,"date":"2014-10-28T13:20:10","date_gmt":"2014-10-28T12:20:10","guid":{"rendered":"http:\/\/comunicacion.umh.es\/?p=79512"},"modified":"2014-10-31T14:02:34","modified_gmt":"2014-10-31T13:02:34","slug":"la-umh-programa-66-cursos-de-invierno-en-ocho-localidades-de-la-provincia-de-alicante","status":"publish","type":"post","link":"https:\/\/comunicacion.umh.es\/ca\/2014\/10\/28\/la-umh-programa-66-cursos-de-invierno-en-ocho-localidades-de-la-provincia-de-alicante\/","title":{"rendered":"La UMH programa 66 Cursos d\u2019Hivern en huit localitats de la prov\u00edncia"},"content":{"rendered":"<p><\/p>\n<p style=\"text-align: justify\">&#8220;La m\u00fasica en el cine actual&#8221;, &#8220;Intel\u00b7lig\u00e8ncia emocional&#8221; o &#8220;Teatreter\u00e0pia&#8221; s\u00f3n alguns dels 66 Cursos d&#8217;Hivern que ha programat el Vicerectorat de Cultura i Extensi\u00f3 Universit\u00e0ria de la Universitat Miguel Hern\u00e1ndez (UMH) d&#8217;Elx. Les activitats es realitzaran entre novembre de 2014 i maig de 2015 als quatre campus de la Universitat (Elx, Altea, Oriola i Sant Joan d&#8217;Alacant) i a les localitats d&#8217;El Campello, Aspe, Dolores i Alacant. Els cursos estan dirigits tant a la comunitat universit\u00e0ria de la UMH com a aquells que estiguen interessats.\u00a0<!--more--><\/p>\n<p style=\"text-align: justify\"><a href=\"https:\/\/comunicacion.umh.es\/files\/2014\/10\/28-10-14-cursos_invierno_imprimir.jpg\"><img loading=\"lazy\" class=\"alignleft size-medium wp-image-79513\" alt=\"28-10-14-cursos_invierno_imprimir\" src=\"https:\/\/comunicacion.umh.es\/files\/2014\/10\/28-10-14-cursos_invierno_imprimir-212x300.jpg\" width=\"212\" height=\"300\" srcset=\"https:\/\/comunicacion.umh.es\/files\/2014\/10\/28-10-14-cursos_invierno_imprimir-212x300.jpg 212w, https:\/\/comunicacion.umh.es\/files\/2014\/10\/28-10-14-cursos_invierno_imprimir-726x1024.jpg 726w\" sizes=\"(max-width: 212px) 100vw, 212px\" \/><\/a><\/p>\n<p style=\"text-align: justify\">Les activitats arrancaran el 8 de novembre amb el curs &#8220;Microfinanciaci\u00f3 col\u00b7lectiva (Crowfunding)&#8221;, que s&#8217;impartir\u00e0 al campus d&#8217;Altea. El 10 de novembre li seguir\u00e0 &#8220;Com organitzar i gestionar una exposici\u00f3&#8221;, tamb\u00e9, al campus d&#8217;Altea, i el de &#8220;Monitor d&#8217;Escola d\u2019Estiu&#8221;, que s&#8217;impartir\u00e0 al campus d&#8217;Elx.<\/p>\n<p style=\"text-align: justify\">\n<p>M\u00e9s informaci\u00f3 i preinscripci\u00f3 dels Cursos d&#8217;Hivern en l&#8217;enlla\u00e7 <a href=\"https:\/\/cultura.umh.es\/cursos\/cursosdhivern\/\">https:\/\/cultura.umh.es\/cursos\/cursosdhivern\/<\/a><\/p>\n<p style=\"text-align: justify\">\n<p><\/p>","protected":false},"excerpt":{"rendered":"<p>&#8220;La m\u00fasica en el cine actual&#8221;, &#8220;Intel\u00b7lig\u00e8ncia emocional&#8221; o &#8220;Teatreter\u00e0pia&#8221; s\u00f3n alguns dels 66 Cursos d&#8217;Hivern que ha programat el Vicerectorat de Cultura i Extensi\u00f3 Universit\u00e0ria de la Universitat Miguel Hern\u00e1ndez (UMH) d&#8217;Elx. Les activitats es realitzaran entre novembre de 2014 i maig de 2015 als quatre campus de la Universitat (Elx, Altea, Oriola i [&#8230;]<\/p>\n","protected":false},"author":2993,"featured_media":0,"comment_status":"closed","ping_status":"open","sticky":false,"template":"","format":"standard","meta":{"ngg_post_thumbnail":0,"_links_to":"","_links_to_target":""},"categories":[770,69,2782,2790,43,2777],"tags":[],"_links":{"self":[{"href":"https:\/\/comunicacion.umh.es\/ca\/wp-json\/wp\/v2\/posts\/79512"}],"collection":[{"href":"https:\/\/comunicacion.umh.es\/ca\/wp-json\/wp\/v2\/posts"}],"about":[{"href":"https:\/\/comunicacion.umh.es\/ca\/wp-json\/wp\/v2\/types\/post"}],"author":[{"embeddable":true,"href":"https:\/\/comunicacion.umh.es\/ca\/wp-json\/wp\/v2\/users\/2993"}],"replies":[{"embeddable":true,"href":"https:\/\/comunicacion.umh.es\/ca\/wp-json\/wp\/v2\/comments?post=79512"}],"version-history":[{"count":0,"href":"https:\/\/comunicacion.umh.es\/ca\/wp-json\/wp\/v2\/posts\/79512\/revisions"}],"wp:attachment":[{"href":"https:\/\/comunicacion.umh.es\/ca\/wp-json\/wp\/v2\/media?parent=79512"}],"wp:term":[{"taxonomy":"category","embeddable":true,"href":"https:\/\/comunicacion.umh.es\/ca\/wp-json\/wp\/v2\/categories?post=79512"},{"taxonomy":"post_tag","embeddable":true,"href":"https:\/\/comunicacion.umh.es\/ca\/wp-json\/wp\/v2\/tags?post=79512"}],"curies":[{"name":"wp","href":"https:\/\/api.w.org\/{rel}","templated":true}]}}