{"id":79567,"date":"2014-10-29T12:43:45","date_gmt":"2014-10-29T11:43:45","guid":{"rendered":"http:\/\/comunicacion.umh.es\/?p=79567"},"modified":"2014-10-29T14:45:50","modified_gmt":"2014-10-29T13:45:50","slug":"la-umh-acoge-la-ii-reunion-de-decanos-de-economia-y-empresa-de-la-comunidad-valenciana","status":"publish","type":"post","link":"https:\/\/comunicacion.umh.es\/ca\/2014\/10\/29\/la-umh-acoge-la-ii-reunion-de-decanos-de-economia-y-empresa-de-la-comunidad-valenciana\/","title":{"rendered":"<span lang=\"es\">(Espa\u00f1ol) Decanos de Econom\u00eda y Empresa de las universidades valencianas se re\u00fanen en el campus de Orihuela<\/span>"},"content":{"rendered":"<p>El vicerrector de Econom\u00eda y Empresa de la Universidad Miguel Hern\u00e1ndez (UMH), Fernando Vidal, inaugurar\u00e1 ma\u00f1ana jueves, 30 de octubre, a las 16:00 horas, la II Reuni\u00f3n de decanos de Econom\u00eda y Empresa de la Comunidad Valenciana. El encuentro se celebrar\u00e1 en la Facultad de Ciencias Sociales y Jur\u00eddicas de Orihuela hasta el 31 de octubre. Al acto de inauguraci\u00f3n asistir\u00e1n, tambi\u00e9n, el decano de la Facultad de Ciencias Sociales y Jur\u00eddicas de Orihuela, Jos\u00e9 Antonio Cavero Rubio, y el decano de la Facultad de Econom\u00eda de la Universidad de Valencia y presidente de la Conferencia Valenciana de Decanos y Decanas de las Facultades de Econom\u00eda y Empresa\u00a0 (CONFEDE-CV), Vicente Soler i Marco.\u00a0<!--more--><\/p>\n<p style=\"text-align: justify\"><a href=\"https:\/\/comunicacion.umh.es\/files\/2013\/01\/UMH-Orihuela_MG_0453.jpg\"><img loading=\"lazy\" class=\"size-medium wp-image-57934 alignleft\" alt=\"UMH Orihuela_MG_0453\" src=\"https:\/\/comunicacion.umh.es\/files\/2013\/01\/UMH-Orihuela_MG_0453-300x200.jpg\" width=\"300\" height=\"200\" srcset=\"https:\/\/comunicacion.umh.es\/files\/2013\/01\/UMH-Orihuela_MG_0453-300x200.jpg 300w, https:\/\/comunicacion.umh.es\/files\/2013\/01\/UMH-Orihuela_MG_0453-1024x682.jpg 1024w\" sizes=\"(max-width: 300px) 100vw, 300px\" \/><\/a>El director general de Universidad, Estudios Superiores y Ciencia de la Comunidad Valenciana, Felipe Palau Ram\u00edrez, impartir\u00e1 a las 17:00 horas la primera sesi\u00f3n de la reuni\u00f3n, que versar\u00e1 sobre las repercusiones del proyecto de Real Decreto que modifica la duraci\u00f3n de los estudios de grado y postgrado. Por su parte, el director general de la Ag\u00e8ncia Valenciana d\u2019Avaluaci\u00f3 i Prospectiva (AVAP), Jacobo Navarro de Peralta Garc\u00eda, intervendr\u00e1 en la reuni\u00f3n con la ponencia \u201cEl proceso de renovaci\u00f3n de la acreditaci\u00f3n de los t\u00edtulos oficiales universitarios\u201d.<\/p>\n<p style=\"text-align: justify\">Asimismo, la vicedecana del Grado en Administraci\u00f3n y Direcci\u00f3n de Empresas de la Facultad de Ciencias Sociales y Jur\u00eddicas de Orihuela de la UMH, Victoria Ferr\u00e1ndez Serrano, participar\u00e1 en la reuni\u00f3n el viernes a las 10:00 horas con la charla \u201cEl procedimiento de asignaci\u00f3n y evaluaci\u00f3n de los Trabajos Fin de Grado\u201d. El vicedecano del Grado en Administraci\u00f3n y Direcci\u00f3n de Empresas de la Universidad Jaime I, Lu\u00eds Jos\u00e9 Callarisa Fiol, clausurar\u00e1 el encuentro a las 12:00 horas con la conferencia \u201cCriterios para el reconocimiento de competencias transversales y profesionales\u201d.<\/p>\n<p style=\"text-align: justify\">En el encuentro participar\u00e1n alrededor de veinticinco decanos y vicedecanos de Facultades de Econom\u00eda y Empresa de las cinco universidades p\u00fablicas valencianas y de tres universidades privadas de la Comunidad Valenciana.<\/p>\n<p style=\"text-align: justify\">M\u00e1s informaci\u00f3n: <a href=\"https:\/\/fcsjori.umh.es\/files\/2014\/10\/Programa-CONFEDE-CV-Orihuela-Octubre-2014-Definitivo-bis.pdf\">https:\/\/fcsjori.umh.es\/files\/2014\/10\/Programa-CONFEDE-CV-Orihuela-Octubre-2014-Definitivo-bis.pdf<\/a><\/p>\n<p><\/p>","protected":false},"excerpt":{"rendered":"<p>El vicerrector de Econom\u00eda y Empresa de la Universidad Miguel Hern\u00e1ndez (UMH), Fernando Vidal, inaugurar\u00e1 ma\u00f1ana jueves, 30 de octubre, a las 16:00 horas, la II Reuni\u00f3n de decanos de Econom\u00eda y Empresa de la Comunidad Valenciana. El encuentro se celebrar\u00e1 en la Facultad de Ciencias Sociales y Jur\u00eddicas de Orihuela hasta el 31 de [&#8230;]<\/p>\n","protected":false},"author":2993,"featured_media":0,"comment_status":"closed","ping_status":"open","sticky":false,"template":"","format":"standard","meta":{"ngg_post_thumbnail":0,"_links_to":"","_links_to_target":""},"categories":[770,69,2782,2783,43,2785],"tags":[],"_links":{"self":[{"href":"https:\/\/comunicacion.umh.es\/ca\/wp-json\/wp\/v2\/posts\/79567"}],"collection":[{"href":"https:\/\/comunicacion.umh.es\/ca\/wp-json\/wp\/v2\/posts"}],"about":[{"href":"https:\/\/comunicacion.umh.es\/ca\/wp-json\/wp\/v2\/types\/post"}],"author":[{"embeddable":true,"href":"https:\/\/comunicacion.umh.es\/ca\/wp-json\/wp\/v2\/users\/2993"}],"replies":[{"embeddable":true,"href":"https:\/\/comunicacion.umh.es\/ca\/wp-json\/wp\/v2\/comments?post=79567"}],"version-history":[{"count":0,"href":"https:\/\/comunicacion.umh.es\/ca\/wp-json\/wp\/v2\/posts\/79567\/revisions"}],"wp:attachment":[{"href":"https:\/\/comunicacion.umh.es\/ca\/wp-json\/wp\/v2\/media?parent=79567"}],"wp:term":[{"taxonomy":"category","embeddable":true,"href":"https:\/\/comunicacion.umh.es\/ca\/wp-json\/wp\/v2\/categories?post=79567"},{"taxonomy":"post_tag","embeddable":true,"href":"https:\/\/comunicacion.umh.es\/ca\/wp-json\/wp\/v2\/tags?post=79567"}],"curies":[{"name":"wp","href":"https:\/\/api.w.org\/{rel}","templated":true}]}}