{"id":80377,"date":"2014-11-19T13:01:48","date_gmt":"2014-11-19T12:01:48","guid":{"rendered":"http:\/\/comunicacion.umh.es\/?p=80377"},"modified":"2014-11-19T13:42:25","modified_gmt":"2014-11-19T12:42:25","slug":"el-grupo-fidex-presenta-el-proyecto-el-aula-invertida-estrategias-pedagogicas-y-practicas-artisticas-desde-la-diversidad-sexual","status":"publish","type":"post","link":"https:\/\/comunicacion.umh.es\/ca\/2014\/11\/19\/el-grupo-fidex-presenta-el-proyecto-el-aula-invertida-estrategias-pedagogicas-y-practicas-artisticas-desde-la-diversidad-sexual\/","title":{"rendered":"<span lang=\"es\">(Espa\u00f1ol) El grupo FIDEX presenta el proyecto \u201cEl Aula Invertida. Estrategias pedag\u00f3gicas y pr\u00e1cticas art\u00edsticas desde la diversidad sexual\u201d<\/span>"},"content":{"rendered":"<p class=\"qtranxs-available-languages-message qtranxs-available-languages-message-ca\">Ho sent, per\u00f2 aquesta entrada nom\u00e9s est\u00e0 disponible en <a href=\"https:\/\/comunicacion.umh.es\/es\/wp-json\/wp\/v2\/posts\/80377\" class=\"qtranxs-available-language-link qtranxs-available-language-link-es\" title=\"Espa\u00f1ol\">Espanyol Europeu<\/a>.<\/p>","protected":false},"excerpt":{"rendered":"<p>Ho sent, per\u00f2 aquesta entrada nom\u00e9s est\u00e0 disponible en Espanyol Europeu.<\/p>\n","protected":false},"author":3036,"featured_media":0,"comment_status":"closed","ping_status":"open","sticky":false,"template":"","format":"standard","meta":{"ngg_post_thumbnail":0,"_links_to":"","_links_to_target":""},"categories":[770,69,2782,43,2796],"tags":[],"_links":{"self":[{"href":"https:\/\/comunicacion.umh.es\/ca\/wp-json\/wp\/v2\/posts\/80377"}],"collection":[{"href":"https:\/\/comunicacion.umh.es\/ca\/wp-json\/wp\/v2\/posts"}],"about":[{"href":"https:\/\/comunicacion.umh.es\/ca\/wp-json\/wp\/v2\/types\/post"}],"author":[{"embeddable":true,"href":"https:\/\/comunicacion.umh.es\/ca\/wp-json\/wp\/v2\/users\/3036"}],"replies":[{"embeddable":true,"href":"https:\/\/comunicacion.umh.es\/ca\/wp-json\/wp\/v2\/comments?post=80377"}],"version-history":[{"count":0,"href":"https:\/\/comunicacion.umh.es\/ca\/wp-json\/wp\/v2\/posts\/80377\/revisions"}],"wp:attachment":[{"href":"https:\/\/comunicacion.umh.es\/ca\/wp-json\/wp\/v2\/media?parent=80377"}],"wp:term":[{"taxonomy":"category","embeddable":true,"href":"https:\/\/comunicacion.umh.es\/ca\/wp-json\/wp\/v2\/categories?post=80377"},{"taxonomy":"post_tag","embeddable":true,"href":"https:\/\/comunicacion.umh.es\/ca\/wp-json\/wp\/v2\/tags?post=80377"}],"curies":[{"name":"wp","href":"https:\/\/api.w.org\/{rel}","templated":true}]}}