{"id":82277,"date":"2015-01-28T11:39:06","date_gmt":"2015-01-28T10:39:06","guid":{"rendered":"http:\/\/comunicacion.umh.es\/?p=82277"},"modified":"2015-02-05T14:26:55","modified_gmt":"2015-02-05T13:26:55","slug":"el-investigador-gordon-l-amidon-doctor-honoris-causa-por-la-umh","status":"publish","type":"post","link":"https:\/\/comunicacion.umh.es\/ca\/2015\/01\/28\/el-investigador-gordon-l-amidon-doctor-honoris-causa-por-la-umh\/","title":{"rendered":"L&#8217;investigador Gordon L. Amidon, Doctor Honoris Causa per la UMH"},"content":{"rendered":"<p><\/p>\n<p style=\"text-align: justify\">L&#8217;investigador en Farm\u00e0cia Gordon L. Amidon \u00e9s Doctor Honoris Causa per la Universitat Miguel Hern\u00e1ndez (UMH) d&#8217;Elx. L&#8217;acte d&#8217;investidura ha tingut lloc durant la celebraci\u00f3 de la festivitat de Sant Tom\u00e0s d&#8217;Aquino. En la cerim\u00f2nia, la UMH tamb\u00e9 ha investit a 117 nous Doctors i ha entregat 19 Premis Extraordinaris de Doctorat. La padrina del nou Doctor Honoris Causa ha sigut la catedr\u00e0tica de Farm\u00e0cia i Tecnologia Farmac\u00e8utica de la UMH, Mar\u00eda del Val Bermejo Sanz.<!--more--><\/p>\n<p style=\"text-align: justify\"><a href=\"https:\/\/comunicacion.umh.es\/files\/2015\/01\/principal2.jpg\"><img loading=\"lazy\" class=\"alignleft size-medium wp-image-82578\" alt=\"principal\" src=\"https:\/\/comunicacion.umh.es\/files\/2015\/01\/principal2-300x200.jpg\" width=\"300\" height=\"200\" srcset=\"https:\/\/comunicacion.umh.es\/files\/2015\/01\/principal2-300x200.jpg 300w, https:\/\/comunicacion.umh.es\/files\/2015\/01\/principal2-1024x682.jpg 1024w\" sizes=\"(max-width: 300px) 100vw, 300px\" \/><\/a><\/p>\n<p style=\"text-align: justify\">Durant l&#8217;acte, tamb\u00e9, la UMH ha entregat el Premi Jos\u00e9 Lled\u00f3 i Ant\u00f3n sobre Llibertat i Autonomia Universit\u00e0ria al professor d&#8217;Antropologia Social de la UMH Antonio Miguel Nogu\u00e9s Pedregar pel treball &#8220;La llibertat de c\u00e0tedra universit\u00e0ria en l&#8217;actual orde de paraules i coses. De la impossible entente entre el qual ensenya, la qual cosa s&#8217;ha d&#8217;ensenyar i el que es voldria ensenyar&#8221;.<\/p>\n<p style=\"text-align: justify\">\n<p style=\"text-align: justify\">Gordon Amidon \u00e9s llicenciat en Farm\u00e0cia per la Universitat estatal de Nova York en Buffalo (EE.UU.) i va obtindre el m\u00e0ster en Matem\u00e0tiques i el doctorat en Qu\u00edmica Farmac\u00e8utica en la Universitat de Michigan (EE.UU.). El seu grup d&#8217;investigaci\u00f3 ha desenvolupat enfocaments per a la predicci\u00f3 de l&#8217;absorci\u00f3 del f\u00e0rmac en humans abans dels estudis en persones. A m\u00e9s d&#8217;ajudar en gran manera en el disseny i desenvolupament de nous f\u00e0rmacs, este enfocament proporciona una base per a establir normes racionals in vitro per al desenvolupament de f\u00e0rmacs i aprovaci\u00f3.<\/p>\n<p style=\"text-align: justify\">\n<p style=\"text-align: justify\">\u00a0Aix\u00ed mateix, el grup del professor Amidon ha demostrat recentment que el p\u00e8ptid transportador de c\u00e8l\u00b7lules de la mucosa intestinal es pot utilitzar per a augmentar significativament l&#8217;absorci\u00f3 oral de f\u00e0rmacs polars que s&#8217;absorbixen malament. Amb este enfocament, els f\u00e0rmacs que d&#8217;una altra manera serien inefica\u00e7os per administraci\u00f3 oral es poden utilitzar en el tractament de diverses malalties humanes. Les \u00e0rees addicionals d&#8217;investigaci\u00f3 inclouen l&#8217;administraci\u00f3 oral de p\u00e8ptids i de tipus p\u00e8ptid drogues, transport cel\u00b7lular i el metabolisme de f\u00e0rmacs semblants a p\u00e8ptids i prof\u00e0rmacs, la dissoluci\u00f3 del f\u00e0rmac i l&#8217;administraci\u00f3 oral de f\u00e0rmacs, les propietats viscoel\u00e1stiques dels sistemes de subministrament de f\u00e0rmacs polim\u00e9ricos, els sistemes d&#8217;administraci\u00f3 de f\u00e0rmacs modulables i la clonaci\u00f3 del transportador de p\u00e8ptid intestinal. Amidon ha publicat m\u00e9s de 170 articles cient\u00edfics, 250 resums en revistes i \u00e9s coeditor de tres llibres: &#8220;The Chemical Stability of Pharmaceutics&#8221;, &#8220;Peptide-based Drug Design: Controlling Transporty Metabolism&#8221; i &#8220;Pharmacokinetic Analysis, A Practical Approach&#8221;.<\/p>\n<p style=\"text-align: justify\"><!-- index.php -->\n<div\n\tclass=\"ngg-galleryoverview ngg-ajax-pagination-none\"\n\tid=\"ngg-gallery-1069a80426ebae081b2657813fa0dd4c-1\">\n\n    \t<div class=\"slideshowlink\">\n        <a href='https:\/\/comunicacion.umh.es\/ca\/2015\/01\/28\/el-investigador-gordon-l-amidon-doctor-honoris-causa-por-la-umh\/nggallery\/slideshow'>[Mostrar como pase de diapositivas]<\/a>\n\t\t\n\t<\/div>\n\t\t\t<!-- Thumbnails -->\n\t\t\t\t<div id=\"ngg-image-0\" class=\"ngg-gallery-thumbnail-box\" >\n\t\t\t\t        <div class=\"ngg-gallery-thumbnail\">\n            <a href=\"https:\/\/comunicacion.umh.es\/wp-content\/blogs.dir\/84\/files\/28-01-15-santo-tomas\/prueba2.jpg\"\n               title=\"\"\n               data-src=\"https:\/\/comunicacion.umh.es\/wp-content\/blogs.dir\/84\/files\/28-01-15-santo-tomas\/prueba2.jpg\"\n               data-thumbnail=\"https:\/\/comunicacion.umh.es\/wp-content\/blogs.dir\/84\/files\/28-01-15-santo-tomas\/thumbs\/thumbs_prueba2.jpg\"\n               data-image-id=\"4853\"\n               data-title=\"prueba2\"\n               data-description=\"\"\n               data-image-slug=\"prueba2\"\n               class=\"ngg-fancybox\" rel=\"1069a80426ebae081b2657813fa0dd4c\">\n                <img\n                    title=\"prueba2\"\n                    alt=\"prueba2\"\n                    src=\"https:\/\/comunicacion.umh.es\/wp-content\/blogs.dir\/84\/files\/28-01-15-santo-tomas\/thumbs\/thumbs_prueba2.jpg\"\n                    width=\"100\"\n                    height=\"66\"\n                    style=\"max-width:100%;\"\n                \/>\n            <\/a>\n        <\/div>\n\t\t\t\t\t\t\t<\/div> \n\t\t\t\n        \n\t\t\t\t<div id=\"ngg-image-1\" class=\"ngg-gallery-thumbnail-box\" >\n\t\t\t\t        <div class=\"ngg-gallery-thumbnail\">\n            <a href=\"https:\/\/comunicacion.umh.es\/wp-content\/blogs.dir\/84\/files\/28-01-15-santo-tomas\/prueba3.jpg\"\n               title=\"\"\n               data-src=\"https:\/\/comunicacion.umh.es\/wp-content\/blogs.dir\/84\/files\/28-01-15-santo-tomas\/prueba3.jpg\"\n               data-thumbnail=\"https:\/\/comunicacion.umh.es\/wp-content\/blogs.dir\/84\/files\/28-01-15-santo-tomas\/thumbs\/thumbs_prueba3.jpg\"\n               data-image-id=\"4854\"\n               data-title=\"prueba3\"\n               data-description=\"\"\n               data-image-slug=\"prueba3\"\n               class=\"ngg-fancybox\" rel=\"1069a80426ebae081b2657813fa0dd4c\">\n                <img\n                    title=\"prueba3\"\n                    alt=\"prueba3\"\n                    src=\"https:\/\/comunicacion.umh.es\/wp-content\/blogs.dir\/84\/files\/28-01-15-santo-tomas\/thumbs\/thumbs_prueba3.jpg\"\n                    width=\"100\"\n                    height=\"66\"\n                    style=\"max-width:100%;\"\n                \/>\n            <\/a>\n        <\/div>\n\t\t\t\t\t\t\t<\/div> \n\t\t\t\n        \n\t\t\t\t<div id=\"ngg-image-2\" class=\"ngg-gallery-thumbnail-box\" >\n\t\t\t\t        <div class=\"ngg-gallery-thumbnail\">\n            <a href=\"https:\/\/comunicacion.umh.es\/wp-content\/blogs.dir\/84\/files\/28-01-15-santo-tomas\/discurso-gordon-2.jpg\"\n               title=\"\"\n               data-src=\"https:\/\/comunicacion.umh.es\/wp-content\/blogs.dir\/84\/files\/28-01-15-santo-tomas\/discurso-gordon-2.jpg\"\n               data-thumbnail=\"https:\/\/comunicacion.umh.es\/wp-content\/blogs.dir\/84\/files\/28-01-15-santo-tomas\/thumbs\/thumbs_discurso-gordon-2.jpg\"\n               data-image-id=\"4855\"\n               data-title=\"discurso-gordon-2\"\n               data-description=\"\"\n               data-image-slug=\"discurso-gordon-2\"\n               class=\"ngg-fancybox\" rel=\"1069a80426ebae081b2657813fa0dd4c\">\n                <img\n                    title=\"discurso-gordon-2\"\n                    alt=\"discurso-gordon-2\"\n                    src=\"https:\/\/comunicacion.umh.es\/wp-content\/blogs.dir\/84\/files\/28-01-15-santo-tomas\/thumbs\/thumbs_discurso-gordon-2.jpg\"\n                    width=\"56\"\n                    height=\"75\"\n                    style=\"max-width:100%;\"\n                \/>\n            <\/a>\n        <\/div>\n\t\t\t\t\t\t\t<\/div> \n\t\t\t\n        \n\t\t\n\t\t<!-- Pagination -->\n\t<div class='ngg-clear'><\/div>\t<\/div>\n<\/p>\n<p style=\"text-align: justify\">\n<p style=\"text-align: justify\">\n<p><\/p>","protected":false},"excerpt":{"rendered":"<p>L&#8217;investigador en Farm\u00e0cia Gordon L. Amidon \u00e9s Doctor Honoris Causa per la Universitat Miguel Hern\u00e1ndez (UMH) d&#8217;Elx. L&#8217;acte d&#8217;investidura ha tingut lloc durant la celebraci\u00f3 de la festivitat de Sant Tom\u00e0s d&#8217;Aquino. En la cerim\u00f2nia, la UMH tamb\u00e9 ha investit a 117 nous Doctors i ha entregat 19 Premis Extraordinaris de Doctorat. La padrina del [&#8230;]<\/p>\n","protected":false},"author":3036,"featured_media":0,"comment_status":"closed","ping_status":"open","sticky":false,"template":"","format":"standard","meta":{"ngg_post_thumbnail":0,"_links_to":"","_links_to_target":""},"categories":[2477,770,69,2782,2783,43,2777,1],"tags":[],"_links":{"self":[{"href":"https:\/\/comunicacion.umh.es\/ca\/wp-json\/wp\/v2\/posts\/82277"}],"collection":[{"href":"https:\/\/comunicacion.umh.es\/ca\/wp-json\/wp\/v2\/posts"}],"about":[{"href":"https:\/\/comunicacion.umh.es\/ca\/wp-json\/wp\/v2\/types\/post"}],"author":[{"embeddable":true,"href":"https:\/\/comunicacion.umh.es\/ca\/wp-json\/wp\/v2\/users\/3036"}],"replies":[{"embeddable":true,"href":"https:\/\/comunicacion.umh.es\/ca\/wp-json\/wp\/v2\/comments?post=82277"}],"version-history":[{"count":0,"href":"https:\/\/comunicacion.umh.es\/ca\/wp-json\/wp\/v2\/posts\/82277\/revisions"}],"wp:attachment":[{"href":"https:\/\/comunicacion.umh.es\/ca\/wp-json\/wp\/v2\/media?parent=82277"}],"wp:term":[{"taxonomy":"category","embeddable":true,"href":"https:\/\/comunicacion.umh.es\/ca\/wp-json\/wp\/v2\/categories?post=82277"},{"taxonomy":"post_tag","embeddable":true,"href":"https:\/\/comunicacion.umh.es\/ca\/wp-json\/wp\/v2\/tags?post=82277"}],"curies":[{"name":"wp","href":"https:\/\/api.w.org\/{rel}","templated":true}]}}