{"id":83410,"date":"2015-02-27T13:45:22","date_gmt":"2015-02-27T12:45:22","guid":{"rendered":"http:\/\/comunicacion.umh.es\/?p=83410"},"modified":"2015-03-03T17:45:22","modified_gmt":"2015-03-03T16:45:22","slug":"la-umh-destaca-entre-las-universidades-publicas-espanolas-por-el-elevado-el-indice-de-empleabilidad-de-sus-titulados-universitarios","status":"publish","type":"post","link":"https:\/\/comunicacion.umh.es\/ca\/2015\/02\/27\/la-umh-destaca-entre-las-universidades-publicas-espanolas-por-el-elevado-el-indice-de-empleabilidad-de-sus-titulados-universitarios\/","title":{"rendered":"La UMH destaca entre les universitats p\u00fabliques espanyoles per l&#8217;elevat l&#8217;\u00edndex d&#8217;ocupabilitat dels seus titulats universitaris"},"content":{"rendered":"<p><\/p>\n<p style=\"text-align: justify\">El Consell Social de la Universitat Miguel Hern\u00e1ndez (UMH) d&#8217;Elx ha donat a con\u00e9ixer els resultats del primer informe d\u2019Inserci\u00f3 Laboral dels titulats universitaris. La perspectiva d&#8217;afiliaci\u00f3 a la Seguretat Social. Segons aquest estudi, la UMH est\u00e0 per damunt de la mitja de les universitats p\u00fabliques espanyoles en l&#8217;\u00edndex d&#8217;ocupabilitat dels seus titulats, mesurat a trav\u00e9s de la taxa d&#8217;afiliaci\u00f3 a la Seguretat Social. En concret, la taxa d&#8217;afiliaci\u00f3 (altes en la Seguretat Social) dels titulats del sistema universitari espanyol quatre anys despr\u00e9s de finalitzar els seus estudis \u00e9s del 64,4%. En el cas de la UMH, eixe percentatge s&#8217;eleva fins al 68,1% (un 69,1% per a les dones i un 66,9% per als h\u00f2mens).<!--more--><\/p>\n<p style=\"text-align: justify\"><a href=\"https:\/\/comunicacion.umh.es\/files\/2013\/05\/rectorado-exterior.jpg\"><img loading=\"lazy\" class=\"alignleft size-medium wp-image-61979\" alt=\"rectorado exterior\" src=\"https:\/\/comunicacion.umh.es\/files\/2013\/05\/rectorado-exterior-300x200.jpg\" width=\"300\" height=\"200\" srcset=\"https:\/\/comunicacion.umh.es\/files\/2013\/05\/rectorado-exterior-300x200.jpg 300w, https:\/\/comunicacion.umh.es\/files\/2013\/05\/rectorado-exterior-1024x682.jpg 1024w\" sizes=\"(max-width: 300px) 100vw, 300px\" \/><\/a><\/p>\n<p style=\"text-align: justify\">L&#8217;estudi, que permet con\u00e9ixer el mapa de l&#8217;ocupabilitat de l&#8217;oferta educativa de les universitats, \u00e9s fruit del conveni firmat entre el Ministeri d&#8217;Educaci\u00f3 i la Confer\u00e8ncia de Consells Socials d&#8217;Universitats Espanyoles.<\/p>\n<p style=\"text-align: justify\">\n<p style=\"text-align: justify\">L&#8217;informe \u00e9s el primer d&#8217;un estudi ampli i ambici\u00f3s, que comen\u00e7a la l\u00ednia d&#8217;an\u00e0lisi de la inserci\u00f3 laboral dels titulats universitaris, a trav\u00e9s de les dades que aporta la vida laboral dels afiliats a la Seguretat Social. Per a aix\u00f2, s&#8217;ha analitzat la cohort de l&#8217;any 2009-2010 i la transici\u00f3 dels estudiants graduats al mercat de treball, a trav\u00e9s de les dades sobre les condicions i la qualitat de la seua inserci\u00f3 laboral. En concret, s&#8217;aporta informaci\u00f3 sobre la taxa d&#8217;afiliaci\u00f3, el percentatge d&#8217;aut\u00f2noms, el tipus de treball i la jornada laboral dels estudiants universitaris, aix\u00ed com sobre el grup de cotitzaci\u00f3 a qu\u00e8 pertanyen i la base de cotitzaci\u00f3 que tenen. At\u00e9s que l&#8217;estudi s&#8217;ha realitzat en un context de crisi econ\u00f2mica i aix\u00f2 condiciona els resultats, especialment els que afecten el mercat laboral, \u00e9s fonamental observar la seua evoluci\u00f3 en futures actualitzacions per a confirmar tend\u00e8ncies.<\/p>\n<p style=\"text-align: justify\">\n<p style=\"text-align: justify\">Els Consells Socials s\u00f3n els \u00f2rgans competents per informar, amb car\u00e0cter vinculant, totes les propostes de creaci\u00f3, modificaci\u00f3 o supressi\u00f3 de les titulacions oficials. Per aix\u00f2, la Confer\u00e8ncia considera que esta radiografia oferix dades rellevants que permetran &#8220;aportar transpar\u00e8ncia al sistema universitari i facilitar les ferramentes necess\u00e0ries, tant als que es troben al capdavant de les institucions universit\u00e0ries com als propis estudiants, per a dur a terme el proc\u00e9s de presa de decisi\u00f3 amb informaci\u00f3 objectiva sobre la inserci\u00f3 en el mercat laboral dels titulats&#8221;.<\/p>\n<p style=\"text-align: justify\">\n<p style=\"text-align: justify\">L&#8217;informe complet es pot consultar en la p\u00e0gina web del Ministeri d&#8217;Educaci\u00f3, Cultura i Esport: <a href=\"http:\/\/www.mecd.gob.es\/educacion-mecd\/dms\/mecd\/educacion-mecd\/areas-educacion\/universidades\/estadisticas-informes\/informes\/Insercion-laboral-egresados-universitarios.pdf\">http:\/\/www.mecd.gob.es\/educacion-mecd\/dms\/mecd\/educacion-mecd\/areas-educacion\/universidades\/estadisticas-informes\/informes\/Insercion-laboral-egresados-universitarios.pdf<\/a><\/p>\n<p style=\"text-align: justify\">\n<p><\/p>","protected":false},"excerpt":{"rendered":"<p>El Consell Social de la Universitat Miguel Hern\u00e1ndez (UMH) d&#8217;Elx ha donat a con\u00e9ixer els resultats del primer informe d\u2019Inserci\u00f3 Laboral dels titulats universitaris. La perspectiva d&#8217;afiliaci\u00f3 a la Seguretat Social. Segons aquest estudi, la UMH est\u00e0 per damunt de la mitja de les universitats p\u00fabliques espanyoles en l&#8217;\u00edndex d&#8217;ocupabilitat dels seus titulats, mesurat a [&#8230;]<\/p>\n","protected":false},"author":2693,"featured_media":0,"comment_status":"closed","ping_status":"open","sticky":false,"template":"","format":"standard","meta":{"ngg_post_thumbnail":0,"_links_to":"","_links_to_target":""},"categories":[770,69,2782,2783,43,2781,2785,2777],"tags":[],"_links":{"self":[{"href":"https:\/\/comunicacion.umh.es\/ca\/wp-json\/wp\/v2\/posts\/83410"}],"collection":[{"href":"https:\/\/comunicacion.umh.es\/ca\/wp-json\/wp\/v2\/posts"}],"about":[{"href":"https:\/\/comunicacion.umh.es\/ca\/wp-json\/wp\/v2\/types\/post"}],"author":[{"embeddable":true,"href":"https:\/\/comunicacion.umh.es\/ca\/wp-json\/wp\/v2\/users\/2693"}],"replies":[{"embeddable":true,"href":"https:\/\/comunicacion.umh.es\/ca\/wp-json\/wp\/v2\/comments?post=83410"}],"version-history":[{"count":0,"href":"https:\/\/comunicacion.umh.es\/ca\/wp-json\/wp\/v2\/posts\/83410\/revisions"}],"wp:attachment":[{"href":"https:\/\/comunicacion.umh.es\/ca\/wp-json\/wp\/v2\/media?parent=83410"}],"wp:term":[{"taxonomy":"category","embeddable":true,"href":"https:\/\/comunicacion.umh.es\/ca\/wp-json\/wp\/v2\/categories?post=83410"},{"taxonomy":"post_tag","embeddable":true,"href":"https:\/\/comunicacion.umh.es\/ca\/wp-json\/wp\/v2\/tags?post=83410"}],"curies":[{"name":"wp","href":"https:\/\/api.w.org\/{rel}","templated":true}]}}