{"id":85113,"date":"2015-05-11T12:54:16","date_gmt":"2015-05-11T10:54:16","guid":{"rendered":"http:\/\/comunicacion.umh.es\/?p=85113"},"modified":"2015-05-13T11:59:03","modified_gmt":"2015-05-13T09:59:03","slug":"estudiantes-presentan-el-datil15-un-vehiculo-de-bajo-consumo-con-el-que-participaran-en-la-shell-eco-marathon","status":"publish","type":"post","link":"https:\/\/comunicacion.umh.es\/ca\/2015\/05\/11\/estudiantes-presentan-el-datil15-un-vehiculo-de-bajo-consumo-con-el-que-participaran-en-la-shell-eco-marathon\/","title":{"rendered":"Estudiants de la UMH presenten el &#8220;D\u00e0til&#8217;15&#8221;, un vehicle de baix consum amb qu\u00e8 participaran en la &#8220;Shell Eco-Marathon\u201d"},"content":{"rendered":"<p><\/p>\n<p style=\"text-align: justify\">\u00a0La Universitat Miguel Hern\u00e1ndez (UMH) d&#8217;Elx ha presentat el &#8220;D\u00e0til&#8217;15&#8221;, un vehicle de baix consum amb qu\u00e8 un grup d&#8217;estudiants de l&#8217;Escola Polit\u00e8cnica Superior d&#8217;Elx (EPSE) participar\u00e0 en el concurs internacional &#8220;Shell Eco-Marathon&#8221;, que se celebrar\u00e0 entre el 22 i el 24 de maig en un circuit urb\u00e0 a la ciutat de Rotterdam (Holanda). En aquest concurs es premia al vehicle que recorre m\u00e9s quil\u00f2metres amb un litre de combustible. A la presentaci\u00f3 del cotxe han assistit la vicerectora de Relacions Institucionals de la UMH, Mar\u00eda Teresa P\u00e9rez V\u00e1zquez, i el professor de la Universitat i coordinador dels estudiants, Miguel \u00c1ngel Oliva.<!--more--><\/p>\n<p style=\"text-align: justify\"><a href=\"https:\/\/comunicacion.umh.es\/files\/2015\/05\/IMG_65072.jpg\"><img loading=\"lazy\" class=\"alignleft size-medium wp-image-85167\" alt=\"IMG_6507\" src=\"https:\/\/comunicacion.umh.es\/files\/2015\/05\/IMG_65072-300x224.jpg\" width=\"300\" height=\"224\" srcset=\"https:\/\/comunicacion.umh.es\/files\/2015\/05\/IMG_65072-300x224.jpg 300w, https:\/\/comunicacion.umh.es\/files\/2015\/05\/IMG_65072-1024x764.jpg 1024w\" sizes=\"(max-width: 300px) 100vw, 300px\" \/><\/a><\/p>\n<p style=\"text-align: justify\">Set estudiants del Grau d&#8217;Enginyeria Mec\u00e0nica, tres estudiants de l&#8217;especialitat de Mec\u00e0nica d&#8217;Enginyeria T\u00e8cnica Industrial i cinc d&#8217;Enginyeria Industrial de la UMH han participat durant nou mesos en la construcci\u00f3 del prototip &#8220;D\u00e0til&#8217;15&#8221;, coordinats pel professor del Departament d&#8217;Enginyeria Mec\u00e0nica i Energia de la UMH, Miguel \u00c1ngel Oliva, i l&#8217;investigador David Abell\u00e1n. Les estudiants Cristina Planelles i \u00c1ngela Conca seran les conductores del vehicle.<\/p>\n<p style=\"text-align: justify\">En aquest concurs internacional participen al voltant de 200 equips de tot el m\u00f3n. Aquesta \u00e9s la dotzena edici\u00f3 del concurs en qu\u00e8 la UMH participa amb un vehicle de baix consum. Els estudiants han realitzat un prototip completament nou que redu\u00efx el seu pes fins als 28 kg (una millora del 30% respecte a l&#8217;anterior) disposa d&#8217;una innovadora direcci\u00f3 davantera que optimitza el pes i minimitza la fricci\u00f3 en les corbes i d&#8217;una aerodin\u00e0mica millorada en un 40%. El vehicle de la UMH mesura 2,85 metres de llarg, 60 cent\u00edmetres d&#8217;ample i 50 cent\u00edmetres d&#8217;alt. \u00c9s un dels models m\u00e9s baixos de la seua categoria i aquest disseny redu\u00efx considerablement la possibilitat de bolcada, quelcom molt important al tractar-se enguany d&#8217;un circuit urb\u00e0 amb corbes molt tancades.<\/p>\n<p style=\"text-align: justify\">La prova consistir\u00e0 en donar voltes al circuit per a comprovar quin dels vehicles participants recorre m\u00e9s quil\u00f2metres amb un litre de combustible. La velocitat mitjana dels prototips no ha de ser inferior als 25 quil\u00f2metres per hora. El vehicle de la Universitat Miguel Hern\u00e1ndez ostenta, actualment, el r\u00e8cord entre els equips espanyols amb motor de combusti\u00f3, amb una marca de 1.455 km per litre de combustible. En l&#8217;edici\u00f3 de l&#8217;any passat, el D\u00e0til es va classificar en tercera posici\u00f3 entre els prototips que utilitzaven etanol com a combustible. Amb les millores introdu\u00efdes, l&#8217;equip de la UMH espera superar la marca de 2.000 Km per litre de combustible i v\u00e9ncer en la seua categoria: prototips impulsats per etanol.<\/p>\n<p style=\"text-align: justify\">Els patrocinadors d&#8217;aquesta iniciativa de la UMH s\u00f3n: el vicerectorat de Relacions Institucionals de la UMH, l&#8217;Escola Polit\u00e8cnica Superior d&#8217;Elx, SEUR i Grupo Volund.<\/p>\n<p><!-- index.php -->\n<div\n\tclass=\"ngg-galleryoverview ngg-ajax-pagination-none\"\n\tid=\"ngg-gallery-1171c0bc97e31925d231ddb802ddb5a1-1\">\n\n    \t<div class=\"slideshowlink\">\n        <a href='https:\/\/comunicacion.umh.es\/ca\/2015\/05\/11\/estudiantes-presentan-el-datil15-un-vehiculo-de-bajo-consumo-con-el-que-participaran-en-la-shell-eco-marathon\/nggallery\/slideshow'>[Mostrar como pase de diapositivas]<\/a>\n\t\t\n\t<\/div>\n\t\t\t<!-- Thumbnails -->\n\t\t\t\t<div id=\"ngg-image-0\" class=\"ngg-gallery-thumbnail-box\" >\n\t\t\t\t        <div class=\"ngg-gallery-thumbnail\">\n            <a href=\"https:\/\/comunicacion.umh.es\/wp-content\/blogs.dir\/84\/files\/11-05-15-coche-datil\/img_6430.jpg\"\n               title=\"\"\n               data-src=\"https:\/\/comunicacion.umh.es\/wp-content\/blogs.dir\/84\/files\/11-05-15-coche-datil\/img_6430.jpg\"\n               data-thumbnail=\"https:\/\/comunicacion.umh.es\/wp-content\/blogs.dir\/84\/files\/11-05-15-coche-datil\/thumbs\/thumbs_img_6430.jpg\"\n               data-image-id=\"5152\"\n               data-title=\"img_6430\"\n               data-description=\"\"\n               data-image-slug=\"img_6430\"\n               class=\"ngg-fancybox\" rel=\"1171c0bc97e31925d231ddb802ddb5a1\">\n                <img\n                    title=\"img_6430\"\n                    alt=\"img_6430\"\n                    src=\"https:\/\/comunicacion.umh.es\/wp-content\/blogs.dir\/84\/files\/11-05-15-coche-datil\/thumbs\/thumbs_img_6430.jpg\"\n                    width=\"100\"\n                    height=\"75\"\n                    style=\"max-width:100%;\"\n                \/>\n            <\/a>\n        <\/div>\n\t\t\t\t\t\t\t<\/div> \n\t\t\t\n        \n\t\t\t\t<div id=\"ngg-image-1\" class=\"ngg-gallery-thumbnail-box\" >\n\t\t\t\t        <div class=\"ngg-gallery-thumbnail\">\n            <a href=\"https:\/\/comunicacion.umh.es\/wp-content\/blogs.dir\/84\/files\/11-05-15-coche-datil\/img_6456.jpg\"\n               title=\"\"\n               data-src=\"https:\/\/comunicacion.umh.es\/wp-content\/blogs.dir\/84\/files\/11-05-15-coche-datil\/img_6456.jpg\"\n               data-thumbnail=\"https:\/\/comunicacion.umh.es\/wp-content\/blogs.dir\/84\/files\/11-05-15-coche-datil\/thumbs\/thumbs_img_6456.jpg\"\n               data-image-id=\"5153\"\n               data-title=\"img_6456\"\n               data-description=\"\"\n               data-image-slug=\"img_6456\"\n               class=\"ngg-fancybox\" rel=\"1171c0bc97e31925d231ddb802ddb5a1\">\n                <img\n                    title=\"img_6456\"\n                    alt=\"img_6456\"\n                    src=\"https:\/\/comunicacion.umh.es\/wp-content\/blogs.dir\/84\/files\/11-05-15-coche-datil\/thumbs\/thumbs_img_6456.jpg\"\n                    width=\"100\"\n                    height=\"75\"\n                    style=\"max-width:100%;\"\n                \/>\n            <\/a>\n        <\/div>\n\t\t\t\t\t\t\t<\/div> \n\t\t\t\n        \n\t\t\t\t<div id=\"ngg-image-2\" class=\"ngg-gallery-thumbnail-box\" >\n\t\t\t\t        <div class=\"ngg-gallery-thumbnail\">\n            <a href=\"https:\/\/comunicacion.umh.es\/wp-content\/blogs.dir\/84\/files\/11-05-15-coche-datil\/img_6460.jpg\"\n               title=\"\"\n               data-src=\"https:\/\/comunicacion.umh.es\/wp-content\/blogs.dir\/84\/files\/11-05-15-coche-datil\/img_6460.jpg\"\n               data-thumbnail=\"https:\/\/comunicacion.umh.es\/wp-content\/blogs.dir\/84\/files\/11-05-15-coche-datil\/thumbs\/thumbs_img_6460.jpg\"\n               data-image-id=\"5154\"\n               data-title=\"img_6460\"\n               data-description=\"\"\n               data-image-slug=\"img_6460\"\n               class=\"ngg-fancybox\" rel=\"1171c0bc97e31925d231ddb802ddb5a1\">\n                <img\n                    title=\"img_6460\"\n                    alt=\"img_6460\"\n                    src=\"https:\/\/comunicacion.umh.es\/wp-content\/blogs.dir\/84\/files\/11-05-15-coche-datil\/thumbs\/thumbs_img_6460.jpg\"\n                    width=\"100\"\n                    height=\"75\"\n                    style=\"max-width:100%;\"\n                \/>\n            <\/a>\n        <\/div>\n\t\t\t\t\t\t\t<\/div> \n\t\t\t\n        \n\t\t\t\t<div id=\"ngg-image-3\" class=\"ngg-gallery-thumbnail-box\" >\n\t\t\t\t        <div class=\"ngg-gallery-thumbnail\">\n            <a href=\"https:\/\/comunicacion.umh.es\/wp-content\/blogs.dir\/84\/files\/11-05-15-coche-datil\/img_6472.jpg\"\n               title=\"\"\n               data-src=\"https:\/\/comunicacion.umh.es\/wp-content\/blogs.dir\/84\/files\/11-05-15-coche-datil\/img_6472.jpg\"\n               data-thumbnail=\"https:\/\/comunicacion.umh.es\/wp-content\/blogs.dir\/84\/files\/11-05-15-coche-datil\/thumbs\/thumbs_img_6472.jpg\"\n               data-image-id=\"5155\"\n               data-title=\"img_6472\"\n               data-description=\"\"\n               data-image-slug=\"img_6472\"\n               class=\"ngg-fancybox\" rel=\"1171c0bc97e31925d231ddb802ddb5a1\">\n                <img\n                    title=\"img_6472\"\n                    alt=\"img_6472\"\n                    src=\"https:\/\/comunicacion.umh.es\/wp-content\/blogs.dir\/84\/files\/11-05-15-coche-datil\/thumbs\/thumbs_img_6472.jpg\"\n                    width=\"100\"\n                    height=\"75\"\n                    style=\"max-width:100%;\"\n                \/>\n            <\/a>\n        <\/div>\n\t\t\t\t\t\t\t<\/div> \n\t\t\t\n        \n\t\t\t\t<div id=\"ngg-image-4\" class=\"ngg-gallery-thumbnail-box\" >\n\t\t\t\t        <div class=\"ngg-gallery-thumbnail\">\n            <a href=\"https:\/\/comunicacion.umh.es\/wp-content\/blogs.dir\/84\/files\/11-05-15-coche-datil\/img_6474.jpg\"\n               title=\"\"\n               data-src=\"https:\/\/comunicacion.umh.es\/wp-content\/blogs.dir\/84\/files\/11-05-15-coche-datil\/img_6474.jpg\"\n               data-thumbnail=\"https:\/\/comunicacion.umh.es\/wp-content\/blogs.dir\/84\/files\/11-05-15-coche-datil\/thumbs\/thumbs_img_6474.jpg\"\n               data-image-id=\"5156\"\n               data-title=\"img_6474\"\n               data-description=\"\"\n               data-image-slug=\"img_6474-2\"\n               class=\"ngg-fancybox\" rel=\"1171c0bc97e31925d231ddb802ddb5a1\">\n                <img\n                    title=\"img_6474\"\n                    alt=\"img_6474\"\n                    src=\"https:\/\/comunicacion.umh.es\/wp-content\/blogs.dir\/84\/files\/11-05-15-coche-datil\/thumbs\/thumbs_img_6474.jpg\"\n                    width=\"100\"\n                    height=\"75\"\n                    style=\"max-width:100%;\"\n                \/>\n            <\/a>\n        <\/div>\n\t\t\t\t\t\t\t<\/div> \n\t\t\t\n        \n\t\t\t\t<div id=\"ngg-image-5\" class=\"ngg-gallery-thumbnail-box\" >\n\t\t\t\t        <div class=\"ngg-gallery-thumbnail\">\n            <a href=\"https:\/\/comunicacion.umh.es\/wp-content\/blogs.dir\/84\/files\/11-05-15-coche-datil\/img_6484.jpg\"\n               title=\"\"\n               data-src=\"https:\/\/comunicacion.umh.es\/wp-content\/blogs.dir\/84\/files\/11-05-15-coche-datil\/img_6484.jpg\"\n               data-thumbnail=\"https:\/\/comunicacion.umh.es\/wp-content\/blogs.dir\/84\/files\/11-05-15-coche-datil\/thumbs\/thumbs_img_6484.jpg\"\n               data-image-id=\"5157\"\n               data-title=\"img_6484\"\n               data-description=\"\"\n               data-image-slug=\"img_6484-2\"\n               class=\"ngg-fancybox\" rel=\"1171c0bc97e31925d231ddb802ddb5a1\">\n                <img\n                    title=\"img_6484\"\n                    alt=\"img_6484\"\n                    src=\"https:\/\/comunicacion.umh.es\/wp-content\/blogs.dir\/84\/files\/11-05-15-coche-datil\/thumbs\/thumbs_img_6484.jpg\"\n                    width=\"100\"\n                    height=\"75\"\n                    style=\"max-width:100%;\"\n                \/>\n            <\/a>\n        <\/div>\n\t\t\t\t\t\t\t<\/div> \n\t\t\t\n        \n\t\t\t\t<div id=\"ngg-image-6\" class=\"ngg-gallery-thumbnail-box\" >\n\t\t\t\t        <div class=\"ngg-gallery-thumbnail\">\n            <a href=\"https:\/\/comunicacion.umh.es\/wp-content\/blogs.dir\/84\/files\/11-05-15-coche-datil\/img_6486.jpg\"\n               title=\"\"\n               data-src=\"https:\/\/comunicacion.umh.es\/wp-content\/blogs.dir\/84\/files\/11-05-15-coche-datil\/img_6486.jpg\"\n               data-thumbnail=\"https:\/\/comunicacion.umh.es\/wp-content\/blogs.dir\/84\/files\/11-05-15-coche-datil\/thumbs\/thumbs_img_6486.jpg\"\n               data-image-id=\"5158\"\n               data-title=\"img_6486\"\n               data-description=\"\"\n               data-image-slug=\"img_6486\"\n               class=\"ngg-fancybox\" rel=\"1171c0bc97e31925d231ddb802ddb5a1\">\n                <img\n                    title=\"img_6486\"\n                    alt=\"img_6486\"\n                    src=\"https:\/\/comunicacion.umh.es\/wp-content\/blogs.dir\/84\/files\/11-05-15-coche-datil\/thumbs\/thumbs_img_6486.jpg\"\n                    width=\"100\"\n                    height=\"75\"\n                    style=\"max-width:100%;\"\n                \/>\n            <\/a>\n        <\/div>\n\t\t\t\t\t\t\t<\/div> \n\t\t\t\n        \n\t\t\n\t\t<!-- Pagination -->\n\t<div class='ngg-clear'><\/div>\t<\/div>\n<\/p>","protected":false},"excerpt":{"rendered":"<p>\u00a0La Universitat Miguel Hern\u00e1ndez (UMH) d&#8217;Elx ha presentat el &#8220;D\u00e0til&#8217;15&#8221;, un vehicle de baix consum amb qu\u00e8 un grup d&#8217;estudiants de l&#8217;Escola Polit\u00e8cnica Superior d&#8217;Elx (EPSE) participar\u00e0 en el concurs internacional &#8220;Shell Eco-Marathon&#8221;, que se celebrar\u00e0 entre el 22 i el 24 de maig en un circuit urb\u00e0 a la ciutat de Rotterdam (Holanda). En [&#8230;]<\/p>\n","protected":false},"author":2693,"featured_media":0,"comment_status":"closed","ping_status":"open","sticky":false,"template":"","format":"standard","meta":{"ngg_post_thumbnail":0,"_links_to":"","_links_to_target":""},"categories":[770,69,2789,2782,191,43,2781,2777,1],"tags":[],"_links":{"self":[{"href":"https:\/\/comunicacion.umh.es\/ca\/wp-json\/wp\/v2\/posts\/85113"}],"collection":[{"href":"https:\/\/comunicacion.umh.es\/ca\/wp-json\/wp\/v2\/posts"}],"about":[{"href":"https:\/\/comunicacion.umh.es\/ca\/wp-json\/wp\/v2\/types\/post"}],"author":[{"embeddable":true,"href":"https:\/\/comunicacion.umh.es\/ca\/wp-json\/wp\/v2\/users\/2693"}],"replies":[{"embeddable":true,"href":"https:\/\/comunicacion.umh.es\/ca\/wp-json\/wp\/v2\/comments?post=85113"}],"version-history":[{"count":0,"href":"https:\/\/comunicacion.umh.es\/ca\/wp-json\/wp\/v2\/posts\/85113\/revisions"}],"wp:attachment":[{"href":"https:\/\/comunicacion.umh.es\/ca\/wp-json\/wp\/v2\/media?parent=85113"}],"wp:term":[{"taxonomy":"category","embeddable":true,"href":"https:\/\/comunicacion.umh.es\/ca\/wp-json\/wp\/v2\/categories?post=85113"},{"taxonomy":"post_tag","embeddable":true,"href":"https:\/\/comunicacion.umh.es\/ca\/wp-json\/wp\/v2\/tags?post=85113"}],"curies":[{"name":"wp","href":"https:\/\/api.w.org\/{rel}","templated":true}]}}