{"id":88276,"date":"2016-01-26T09:15:00","date_gmt":"2016-01-26T08:15:00","guid":{"rendered":"http:\/\/comunicacion.umh.es\/?p=88276"},"modified":"2016-02-01T09:59:51","modified_gmt":"2016-02-01T08:59:51","slug":"el-consejo-social-da-a-conocer-a-los-ganadores-de-la-xi-edicion-de-sus-premios-anuales","status":"publish","type":"post","link":"https:\/\/comunicacion.umh.es\/ca\/2016\/01\/26\/el-consejo-social-da-a-conocer-a-los-ganadores-de-la-xi-edicion-de-sus-premios-anuales\/","title":{"rendered":"El Consell Social de la UMH d\u00f3na a con\u00e9ixer els guanyadors de la XI edici\u00f3 dels seus premis anuals"},"content":{"rendered":"<p><\/p>\n<p style=\"text-align: justify\">El Consell Social de la Universitat Miguel Hern\u00e1ndez (UMH) d&#8217;Elx ha donat a con\u00e9ixer el nom dels guanyadors de la &#8216;XI edici\u00f3 dels Premis Consell Social&#8217; en les seues distintes modalitats. Els guardons s&#8217;entregaran durant un acte p\u00fablic que se celebrar\u00e0 el 9 de mar\u00e7 a les 12:00 hores en La Sala d&#8217;Actes de l&#8217;edifici Rectorat i Consell Social, ubicat en el campus d&#8217;Elx.<\/p>\n<p style=\"text-align: justify\"><!--more--><\/p>\n<p style=\"text-align: justify\"><a href=\"https:\/\/comunicacion.umh.es\/files\/2016\/01\/26-01-16-consejo-social.jpg\"><img loading=\"lazy\" class=\"alignleft size-medium wp-image-88277\" src=\"https:\/\/comunicacion.umh.es\/files\/2016\/01\/26-01-16-consejo-social-211x300.jpg\" alt=\"26-01-16-consejo social\" width=\"211\" height=\"300\" srcset=\"https:\/\/comunicacion.umh.es\/files\/2016\/01\/26-01-16-consejo-social-211x300.jpg 211w, https:\/\/comunicacion.umh.es\/files\/2016\/01\/26-01-16-consejo-social-722x1024.jpg 722w, https:\/\/comunicacion.umh.es\/files\/2016\/01\/26-01-16-consejo-social.jpg 1166w\" sizes=\"(max-width: 211px) 100vw, 211px\" \/><\/a>El premi <em>Estudiants<\/em> ha correspost als alumnes Laura Bernabeu L\u00f3pez i Rub\u00e9n D\u00edez Esclapez. Amb aquest premi es reconeix la traject\u00f2ria dels estudiants. Per a aix\u00f2, es valora el rendiment acad\u00e8mic, l&#8217;experi\u00e8ncia, les habilitats professionals i la dimensi\u00f3 europea del seu curr\u00edculum.<\/p>\n<p style=\"text-align: justify\">El premi <em>Investigaci\u00f3<\/em> en la categoria &#8220;Grups d&#8217;Investigaci\u00f3&#8221; s&#8217;ha concedit al grup &#8220;An\u00e1lisis, Intervenci\u00f3 i Ter\u00e0pia aplicada als xiquets i adolescentes&#8221;, el director de la qual \u00e9s el professor Jos\u00e9 Pedro Espada S\u00e1nchez. En la categoria &#8220;J\u00f3vens Investigadors&#8221;, la guardonada ha sigut la professora Mireia Orgil\u00e9s Amor\u00f3s, del Departament de Psicologia de la Salut, que rebr\u00e0 2.000 euros per a cobrir gastos relacionats amb la seua l\u00ednia d&#8217;investigaci\u00f3.<\/p>\n<p style=\"text-align: justify\">El premi a l&#8217;<em>Excel\u00b7l\u00e8ncia Docent<\/em> s&#8217;ha atorgat als professors Adri\u00e1n Jos\u00e9 Torregrosa Fuentes, del Departament d&#8217;Enginyeria de Comunicacions de la UMH, i Agust\u00edn P\u00e9rez Mart\u00edn, del Departament d&#8217;Estudis Econ\u00f2mics i Financers de la UMH. Aquest premi es convoca en el marc d&#8217;un conveni firmat entre la UMH i la Conselleria d&#8217;Educaci\u00f3, Investigaci\u00f3, Cultura i Esport.<\/p>\n<p style=\"text-align: justify\">El guard\u00f3 d&#8217;<em>Empreses i Institucions<\/em> ha recaigut en l&#8217;empresa GESEM Consultoria i Finances, SLP. Amb aquest premi es reconeix la traject\u00f2ria consolidada d&#8217;aquesta consultoria i assessoria il\u00b7licitana, aix\u00ed com la seua col\u00b7laboraci\u00f3 permanent amb la UMH des de la seua creaci\u00f3.<\/p>\n<p style=\"text-align: justify\">El premi <em>Accions d&#8217;Innovaci\u00f3 en la Gesti\u00f3<\/em>, dirigit als servicis i unitats administratives de la Universitat, s&#8217;ha concedit al Portal de Transpar\u00e8ncia de la UMH, l&#8217;objectiu del qual \u00e9s facilitar a totes les persones interessades l&#8217;acc\u00e9s a la informaci\u00f3 econ\u00f2mica, estad\u00edstica, pressupost\u00e0ria, jur\u00eddica i organitzativa de la Universitat. En aquesta labor han participat el Vicerectorat de Relacions Institucionals, la Secretaria General, el Vicerectorat d&#8217;Infraestructures, Ger\u00e8ncia, el Servei de Comunicaci\u00f3, l&#8217;Oficina de Documentaci\u00f3, Arxiu i Registre, Serveis Inform\u00e0tics, Servei de Control Intern, Servei Jur\u00eddic, Servei de Qualitat, Servei de Contractaci\u00f3, Servei de Personal d&#8217;Administraci\u00f3 i Serveis, Servei de Personal Docent i Investigador i la Fundaci\u00f3 Qu\u00f2rum.<\/p>\n<p style=\"text-align: justify\">El premi <em>Millor Esportista Universitari<\/em> s&#8217;ha concedit a Lara Gonz\u00e1lez Ortega, estudiant del Grau en Ci\u00e8ncies de l&#8217;Activitat F\u00edsica i de l&#8217;Esport de la UMH, per la seua destacada traject\u00f2ria tant nacional com internacional en handbol. Lara Gonz\u00e1lez forma part de la selecci\u00f3 espanyola absoluta de Handbol i ha jugat en les lligues francesa i hongaresa. Aix\u00ed mateix, s&#8217;ha atorgat un Premi Honor\u00edfic a la judoca Mar\u00eda Bernabeu Avomo, l&#8217;entrenador de la qual \u00e9s el professor de la UMH, Carlos Montero Carretero, &#8220;per el seu excel\u00b7lent i extens\u00edssim historial esportiu en aquest camp i que, recentment, ha guanyat la medalla de plata en el Campionat Mundial de Judo de 2015, en la categoria de -70 kg.&#8221;<\/p>\n<p style=\"text-align: justify\">Respecte a les <em>C\u00e0tedres UMH<\/em>, en la categoria C\u00e0tedres d&#8217;Empresa i Mecenatge el premi ha recaigut en la de Biomedicina Reproductiva Vistahermosa, dirigida per Jos\u00e9 Jes\u00fas L\u00f3pez G\u00e1lvez i Joaqu\u00edn Roda i finan\u00e7ada per l&#8217;Hospital Cl\u00ednica Vistahermosa. Aix\u00ed mateix, en la categoria C\u00e0tedres Institucionals de la UMH, que reconeix la traject\u00f2ria desenvolupada per persones o entitats en cada una de les C\u00e0tedres de la Universitat, els premiats han sigut: l&#8217;hispanista itali\u00e0 especialitzat en Miguel Hern\u00e1ndez Gabriele Morelli per la C\u00e0tedra Miguel Hern\u00e1ndez, l&#8217;historiador Francisco Moreno S\u00e1ez per la C\u00e0tedra Pedro Ibarra, a t\u00edtol p\u00f2stum Francisco Garc\u00eda Linares per la C\u00e0tedra Misteri d&#8217;Elx, Pascual Urb\u00e1n Brotons per la C\u00e0tedra El Palmerar d&#8217;Elx, Rafael Ramos Fern\u00e1ndez per la C\u00e0tedra Dama d&#8217;Elx, i a l&#8217;I.E.S. Sixto Marco per la C\u00e0tedra Institucional del Cal\u00e7at de la UMH &#8220;Sant Crisp\u00ed&#8221;. Aix\u00ed mateix, el jurat va concedir un premi honor\u00edfic a Sixto Marco en el centenari del seu naixement.<\/p>\n<p style=\"text-align: justify\">El premi <em>Rellev\u00e0ncia Social<\/em> s&#8217;ha atorgat a Tom\u00e1s Salvador Vives Ant\u00f3n. Tom\u00e1s Vives ha sigut, entre altres c\u00e0rrecs, vicepresident i magistrat del Tribunal Constitucional.<\/p>\n<p style=\"text-align: justify\">El Consell Social de la UMH ha concedit, finalment, el premi <em>Entitat sense \u00e0nim de lucre<\/em> a l&#8217;Associaci\u00f3 Tamarit de persones amb discapacitat l\u00edmit i lleugera d&#8217;Elx, l&#8217;objectiu del qual ha sigut des de l&#8217;any 2000, defendre els drets de les persones amb trastorns de desenvolupament intel\u00b7lectual, inserint-los socialment i laboralment en la societat.<\/p>\n<p><\/p>","protected":false},"excerpt":{"rendered":"<p>El Consell Social de la Universitat Miguel Hern\u00e1ndez (UMH) d&#8217;Elx ha donat a con\u00e9ixer el nom dels guanyadors de la &#8216;XI edici\u00f3 dels Premis Consell Social&#8217; en les seues distintes modalitats. Els guardons s&#8217;entregaran durant un acte p\u00fablic que se celebrar\u00e0 el 9 de mar\u00e7 a les 12:00 hores en La Sala d&#8217;Actes de l&#8217;edifici [&#8230;]<\/p>\n","protected":false},"author":3235,"featured_media":0,"comment_status":"closed","ping_status":"open","sticky":false,"template":"","format":"standard","meta":{"ngg_post_thumbnail":0,"_links_to":"","_links_to_target":""},"categories":[770,87,69,2789,2782,2783,191,43,2778,2796,2777,2420],"tags":[],"_links":{"self":[{"href":"https:\/\/comunicacion.umh.es\/ca\/wp-json\/wp\/v2\/posts\/88276"}],"collection":[{"href":"https:\/\/comunicacion.umh.es\/ca\/wp-json\/wp\/v2\/posts"}],"about":[{"href":"https:\/\/comunicacion.umh.es\/ca\/wp-json\/wp\/v2\/types\/post"}],"author":[{"embeddable":true,"href":"https:\/\/comunicacion.umh.es\/ca\/wp-json\/wp\/v2\/users\/3235"}],"replies":[{"embeddable":true,"href":"https:\/\/comunicacion.umh.es\/ca\/wp-json\/wp\/v2\/comments?post=88276"}],"version-history":[{"count":0,"href":"https:\/\/comunicacion.umh.es\/ca\/wp-json\/wp\/v2\/posts\/88276\/revisions"}],"wp:attachment":[{"href":"https:\/\/comunicacion.umh.es\/ca\/wp-json\/wp\/v2\/media?parent=88276"}],"wp:term":[{"taxonomy":"category","embeddable":true,"href":"https:\/\/comunicacion.umh.es\/ca\/wp-json\/wp\/v2\/categories?post=88276"},{"taxonomy":"post_tag","embeddable":true,"href":"https:\/\/comunicacion.umh.es\/ca\/wp-json\/wp\/v2\/tags?post=88276"}],"curies":[{"name":"wp","href":"https:\/\/api.w.org\/{rel}","templated":true}]}}