{"id":88306,"date":"2016-01-27T13:33:19","date_gmt":"2016-01-27T12:33:19","guid":{"rendered":"http:\/\/comunicacion.umh.es\/?p=88306"},"modified":"2016-01-29T10:42:13","modified_gmt":"2016-01-29T09:42:13","slug":"la-productividad-del-sistema-universitario-publico-valenciano-un-11-superior-a-la-media-espanola","status":"publish","type":"post","link":"https:\/\/comunicacion.umh.es\/ca\/2016\/01\/27\/la-productividad-del-sistema-universitario-publico-valenciano-un-11-superior-a-la-media-espanola\/","title":{"rendered":"La productivitat del Sistema Universitari P\u00fablic Valenci\u00e0, un 11% superior a la mitjana espanyola"},"content":{"rendered":"<p><\/p>\n<p style=\"text-align: justify\">La productivitat del Sistema Universitari P\u00fablic Valenci\u00e0 se situa un 11% per dalt de la mitjana espanyola, segons la tercera edici\u00f3 de l\u2019informe sobre \u201cLa contribuci\u00f3 socioecon\u00f2mica de les universitats p\u00fabliques valencianes\u201d (SUPV), que ha sigut presentat pel cinc rectors, pel president de la Generalitat, Ximo Puig, i pel conseller d\u2019Educaci\u00f3, Vicent Marz\u00e0. Formar a un titulat supera el 10% anual de rendibilitat fiscal per al sector p\u00fablic, s\u2019afirma en el document<!--more--><a href=\"https:\/\/comunicacion.umh.es\/files\/2016\/01\/27-01-16-informe-CRUPV-Principal.jpg\"><img loading=\"lazy\" class=\"alignleft size-medium wp-image-88307\" src=\"https:\/\/comunicacion.umh.es\/files\/2016\/01\/27-01-16-informe-CRUPV-Principal-300x181.jpg\" alt=\"27-01-16-informe CRUPV Principal\" width=\"300\" height=\"181\" srcset=\"https:\/\/comunicacion.umh.es\/files\/2016\/01\/27-01-16-informe-CRUPV-Principal-300x181.jpg 300w, https:\/\/comunicacion.umh.es\/files\/2016\/01\/27-01-16-informe-CRUPV-Principal-1024x617.jpg 1024w\" sizes=\"(max-width: 300px) 100vw, 300px\" \/><\/a><\/p>\n<p style=\"text-align: justify\">Les greus dificultats econ\u00f2miques dels \u00faltims anys han redu\u00eft un 18,9% entre 2010 i 2014 els ingressos de les Universitats P\u00fabliques Valencianes, sobretot els destinats a finan\u00e7ar la recerca (-42,4%) i la transfer\u00e8ncia tecnol\u00f2gica (-24,2%), per\u00f2 no han impedit que les universitats abordaren importants canvis en el camp de la doc\u00e8ncia i la recerca i oferisquen una elevada tornada fiscal a les inversions p\u00fabliques en les mateixes.<\/p>\n<p style=\"text-align: justify\">La productivitat del Sistema Universitari P\u00fablic Valenci\u00e0 (SUPV) se situa un 11% per dalt de la mitjana de les universitats espanyoles. No obstant a\u00e7\u00f2, la crisi ha comprom\u00e8s seriosament la capacitat de les universitats d\u2019obtenir m\u00e9s i millors resultats en \u00e0mbits rellevants en interrompre l\u00ednies de recerca en marxa, reduir i impedir el rejoveniment de les seues plantilles, frenar el desenvolupament professional del professorat i la incorporaci\u00f3 del capital hum\u00e0 a les empreses, i afeblir encara m\u00e9s l\u2019escassa col\u00b7laboraci\u00f3 entre universitat i empresa en activitats de transfer\u00e8ncia.<\/p>\n<p style=\"text-align: justify\">Aquestes s\u00f3n algunes de les conclusions del Tercer Informe del SUPV: \u201cLa contribuci\u00f3 socioecon\u00f2mica de les universitats p\u00fabliques valencianes (2015)\u201d, elaborat per l\u2019Institut Valenci\u00e0 d\u2019Investigacions Econ\u00f2miques (Ivie), sobre l\u2019activitat i els resultats de les cinc institucions que integren el Sistema Universitari P\u00fablic Valenci\u00e0 (SUPV): Universitat de Val\u00e8ncia, Universitat Polit\u00e8cnica de Val\u00e8ncia, Universitat d\u2019Alacant, Universitat Jaume I i Universitat Miguel Hern\u00e1ndez d\u2019Elx.<\/p>\n<p style=\"text-align: justify\">L\u2019informe ha sigut realitzat pel director de Recerca de l\u2019Ivie i catedr\u00e0tic de la Universitat de Val\u00e8ncia, Francisco P\u00e9rez; l\u2019investigador de l\u2019Ivie, professor de la Universitat de Val\u00e8ncia i deg\u00e0 de la Facultat d\u2019Economia, Jos\u00e9 Manuel Pastor; i el professor de la Universitat de Val\u00e8ncia Carlos Peraita. En la seua elaboraci\u00f3 han participat els t\u00e8cnics de recerca de l\u2019Ivie Eva Benages i \u00c1ngel Soler.<\/p>\n<p style=\"text-align: justify\">La presentaci\u00f3 p\u00fablica de l\u2019informe ha tingut lloc a Val\u00e8ncia, en un acte que ha comptat amb la pres\u00e8ncia del president de la Generalitat Valenciana, Ximo Puig, i els cinc rectors de la CRUPV (Confer\u00e8ncia de Rectors de les Universitats P\u00fabliques Valencianes): Esteban Morcillo, de la Universitat de Val\u00e8ncia; Francisco Mora, de la Universitat Polit\u00e8cnica de Val\u00e8ncia; Vicent Climent, de la Universitat Jaume I; Manuel Palomar, de la Universitat d\u2019Alacant; i Jes\u00fas Pastor, de la Universitat Miguel Hern\u00e1ndez d\u2019Elx.<\/p>\n<p style=\"text-align: justify\">Aquest tercer informe sobre la contribuci\u00f3 socioecon\u00f2mica de les universitats p\u00fabliques valencianes amplia les an\u00e0lisis i actualitza els resultats dels estudis anteriors (2009 i 2013). En la tercera edici\u00f3 s\u2019ha posat el focus especialment a analitzar el paper de les universitats en relaci\u00f3 amb les oportunitats d\u2019ocupaci\u00f3 dels titulats, l\u2019eixida de la crisi econ\u00f2mica i la contribuci\u00f3 dels universitaris i les universitats al canvi de model productiu que la Comunitat Valenciana necessita. En aquest sentit, l\u2019informe assenyala la import\u00e0ncia de refor\u00e7ar les sinergies entre les universitats i l\u2019entorn social i econ\u00f2mic per a impulsar el desenvolupament de les activitats basades en el coneixement a la Comunitat Valenciana i recuperar el terreny perdut per l\u2019economia valenciana en mat\u00e8ria de competitivitat.<\/p>\n<p style=\"text-align: justify\">Aquest informe presenta un panorama de la situaci\u00f3 i resultats del SUPV que evidencia tant la seua complexitat, com les seues fortaleses i febleses. D\u2019una banda, posa en valor la import\u00e0ncia de les contribucions del SUPV a la renda, l\u2019ocupaci\u00f3, el capital hum\u00e0 i el creixement de la Comunitat Valenciana. Per una altra, destaca les transformacions en els \u00faltims anys de l\u2019oferta educativa en resposta a les demandes formatives, els esfor\u00e7os de les universitats per adaptar-se a l\u2019Espai Europeu d&#8217;Educaci\u00f3 Superior i els importants avan\u00e7os en la producci\u00f3, qualitat i internacionalitzaci\u00f3 de la recerca. Al costat d\u2019aquests avan\u00e7os apareixen q\u00fcestions m\u00e9s problem\u00e0tiques de l\u2019evoluci\u00f3 recent de les universitats, com els quals mostren les tensions viscudes pel SUPV a conseq\u00fc\u00e8ncia dels ajustos financers i de plantilles derivats de la crisi de les finances p\u00fabliques, i la reculada dels projectes de recerca o de les activitats de transfer\u00e8ncia. Aix\u00ed mateix, l\u2019informe adverteix sobre la import\u00e0ncia de recon\u00e8ixer l\u2019heterogene\u00eftat de les universitats i les seues diferents unitats en especialitzaci\u00f3, internacionalitzaci\u00f3 i resultats docents i de recerca, subratllant la necessitat de difondre les bones pr\u00e0ctiques per a millorar la productivitat mitjana.<\/p>\n<p>Alguns dels resultats m\u00e9s destacats de l\u2019Informe s\u00f3n:<\/p>\n<p style=\"text-align: justify\">Els recursos del SUPV, tant p\u00fablics com a privats, s\u2019han redu\u00eft significativament durant la crisi. No obstant a\u00e7\u00f2, els seus nivells de productivitat en doc\u00e8ncia, recerca i transfer\u00e8ncia s\u00f3n majors que els de el Sistema Universitari P\u00fablic Espa\u00f1ol.<\/p>\n<p style=\"text-align: justify\">El SUPV ha realitzat en els anys recents una important transformaci\u00f3 de la seua oferta docent, que en l&#8217;actualitat \u00e9s de 187 t\u00edtols de grau i 307 de m\u00e0sters diferents.<\/p>\n<p style=\"text-align: justify\">Les Universitats P\u00fabliques Valencianes han incrementat la seua producci\u00f3 cient\u00edfica un 160% entre 2000 i 2013 i l&#8217;han internacionalitzat significativament. No obstant a\u00e7\u00f2, els nivells de les activitats de transfer\u00e8ncia s\u00f3n modests, i fins i tot s&#8217;han produ\u00eft reculades en aquests anys, a causa de la falta de recursos.<\/p>\n<p style=\"text-align: justify\">La retallada del 42,6% dels recursos per a recerca \u00e9s m\u00e9s rellevant a la Comunitat Valenciana perqu\u00e8 una major part de la despesa en R+D dep\u00e8n de les Universitats P\u00fabliques (47%), molt per sobre del que succeeix a Espanya (28%), a conseq\u00fc\u00e8ncia de la feblesa de la despesa de les empreses i institucions.<\/p>\n<p style=\"text-align: justify\">Els efectes de la despesa que mobilitza el SUPV sobre l\u2019activitat i l\u2019ocupaci\u00f3 s\u00f3n molt importants: incrementen en 50.555 persones el nombre de persones actives i en 67.000 els ocupats, a la Comunitat Valenciana<\/p>\n<p style=\"text-align: justify\">El SUPV genera volums de capital hum\u00e0 i tecnol\u00f2gic molt rellevants per a l&#8217;oferta de recursos productius: en el per\u00edode 2000-2013 aquests dos actius suposen el 19,9% de les aportacions dels factors productius al creixement valenci\u00e0.<\/p>\n<p style=\"text-align: justify\">La rendibilitat fiscal que obt\u00e9 el sector p\u00fablic en finan\u00e7ar l\u2019ensenyament universitari p\u00fablic valenciana \u00e9s clarament positiva, com a conseq\u00fc\u00e8ncia dels majors impostos pagats pels titulats al llarg de la seua vida laboral. La rendibilitat anual \u00e9s del 12,9% en el cas d&#8217;un graduat, de l&#8217;11,6% en el d\u2019un llicenciat i el 9,9% en el d&#8217;un diplomat.<\/p>\n<p style=\"text-align: justify\">La societat valenciana rep 2,6 euros (a trav\u00e9s dels impostos recaptats pel sector p\u00fablic, ingressats pels titulats universitaris al llarg de la seua vida laboral) per cada euro dedicat per les administracions a finan\u00e7ar a les universitats per a la seua formaci\u00f3.<\/p>\n<p style=\"text-align: justify\">M\u00e9s informaci\u00f3: <a href=\"http:\/\/www.ivie.es\/es\/actividades\/noticias\/2016\/contribucion-universidades-publicas-valencianas.php\">http:\/\/www.ivie.es\/es\/actividades\/noticias\/2016\/contribucion-universidades-publicas-valencianas.php<\/a><\/p>\n<p style=\"text-align: justify\"><!-- index.php -->\n<div\n\tclass=\"ngg-galleryoverview ngg-ajax-pagination-none\"\n\tid=\"ngg-gallery-cebb7a4bf25ee2e02c5b4c25ba678de9-1\">\n\n    \t<div class=\"slideshowlink\">\n        <a href='https:\/\/comunicacion.umh.es\/ca\/2016\/01\/27\/la-productividad-del-sistema-universitario-publico-valenciano-un-11-superior-a-la-media-espanola\/nggallery\/slideshow'>[Mostrar como pase de diapositivas]<\/a>\n\t\t\n\t<\/div>\n\t\t\t<!-- Thumbnails -->\n\t\t\t\t<div id=\"ngg-image-0\" class=\"ngg-gallery-thumbnail-box\" >\n\t\t\t\t        <div class=\"ngg-gallery-thumbnail\">\n            <a href=\"https:\/\/comunicacion.umh.es\/wp-content\/uploads\/sites\/84\/nggallery\/27-01-16-informe-crupv\/1.jpg\"\n               title=\"\"\n               data-src=\"https:\/\/comunicacion.umh.es\/wp-content\/uploads\/sites\/84\/nggallery\/27-01-16-informe-crupv\/1.jpg\"\n               data-thumbnail=\"https:\/\/comunicacion.umh.es\/wp-content\/uploads\/sites\/84\/nggallery\/27-01-16-informe-crupv\/thumbs\/thumbs_1.jpg\"\n               data-image-id=\"5558\"\n               data-title=\"1\"\n               data-description=\"\"\n               data-image-slug=\"1-10\"\n               class=\"ngg-fancybox\" rel=\"cebb7a4bf25ee2e02c5b4c25ba678de9\">\n                <img\n                    title=\"1\"\n                    alt=\"1\"\n                    src=\"https:\/\/comunicacion.umh.es\/wp-content\/uploads\/sites\/84\/nggallery\/27-01-16-informe-crupv\/thumbs\/thumbs_1.jpg\"\n                    width=\"100\"\n                    height=\"75\"\n                    style=\"max-width:100%;\"\n                \/>\n            <\/a>\n        <\/div>\n\t\t\t\t\t\t\t<\/div> \n\t\t\t\n        \n\t\t\t\t<div id=\"ngg-image-1\" class=\"ngg-gallery-thumbnail-box\" >\n\t\t\t\t        <div class=\"ngg-gallery-thumbnail\">\n            <a href=\"https:\/\/comunicacion.umh.es\/wp-content\/uploads\/sites\/84\/nggallery\/27-01-16-informe-crupv\/2.JPG\"\n               title=\"\"\n               data-src=\"https:\/\/comunicacion.umh.es\/wp-content\/uploads\/sites\/84\/nggallery\/27-01-16-informe-crupv\/2.JPG\"\n               data-thumbnail=\"https:\/\/comunicacion.umh.es\/wp-content\/uploads\/sites\/84\/nggallery\/27-01-16-informe-crupv\/thumbs\/thumbs_2.JPG\"\n               data-image-id=\"5559\"\n               data-title=\"2\"\n               data-description=\"\"\n               data-image-slug=\"2-10\"\n               class=\"ngg-fancybox\" rel=\"cebb7a4bf25ee2e02c5b4c25ba678de9\">\n                <img\n                    title=\"2\"\n                    alt=\"2\"\n                    src=\"https:\/\/comunicacion.umh.es\/wp-content\/uploads\/sites\/84\/nggallery\/27-01-16-informe-crupv\/thumbs\/thumbs_2.JPG\"\n                    width=\"100\"\n                    height=\"75\"\n                    style=\"max-width:100%;\"\n                \/>\n            <\/a>\n        <\/div>\n\t\t\t\t\t\t\t<\/div> \n\t\t\t\n        \n\t\t\t\t<div id=\"ngg-image-2\" class=\"ngg-gallery-thumbnail-box\" >\n\t\t\t\t        <div class=\"ngg-gallery-thumbnail\">\n            <a href=\"https:\/\/comunicacion.umh.es\/wp-content\/uploads\/sites\/84\/nggallery\/27-01-16-informe-crupv\/3.JPG\"\n               title=\"\"\n               data-src=\"https:\/\/comunicacion.umh.es\/wp-content\/uploads\/sites\/84\/nggallery\/27-01-16-informe-crupv\/3.JPG\"\n               data-thumbnail=\"https:\/\/comunicacion.umh.es\/wp-content\/uploads\/sites\/84\/nggallery\/27-01-16-informe-crupv\/thumbs\/thumbs_3.JPG\"\n               data-image-id=\"5560\"\n               data-title=\"3\"\n               data-description=\"\"\n               data-image-slug=\"3-10\"\n               class=\"ngg-fancybox\" rel=\"cebb7a4bf25ee2e02c5b4c25ba678de9\">\n                <img\n                    title=\"3\"\n                    alt=\"3\"\n                    src=\"https:\/\/comunicacion.umh.es\/wp-content\/uploads\/sites\/84\/nggallery\/27-01-16-informe-crupv\/thumbs\/thumbs_3.JPG\"\n                    width=\"100\"\n                    height=\"75\"\n                    style=\"max-width:100%;\"\n                \/>\n            <\/a>\n        <\/div>\n\t\t\t\t\t\t\t<\/div> \n\t\t\t\n        \n\t\t\t\t<div id=\"ngg-image-3\" class=\"ngg-gallery-thumbnail-box\" >\n\t\t\t\t        <div class=\"ngg-gallery-thumbnail\">\n            <a href=\"https:\/\/comunicacion.umh.es\/wp-content\/uploads\/sites\/84\/nggallery\/27-01-16-informe-crupv\/4.JPG\"\n               title=\"\"\n               data-src=\"https:\/\/comunicacion.umh.es\/wp-content\/uploads\/sites\/84\/nggallery\/27-01-16-informe-crupv\/4.JPG\"\n               data-thumbnail=\"https:\/\/comunicacion.umh.es\/wp-content\/uploads\/sites\/84\/nggallery\/27-01-16-informe-crupv\/thumbs\/thumbs_4.JPG\"\n               data-image-id=\"5561\"\n               data-title=\"4\"\n               data-description=\"\"\n               data-image-slug=\"4-10\"\n               class=\"ngg-fancybox\" rel=\"cebb7a4bf25ee2e02c5b4c25ba678de9\">\n                <img\n                    title=\"4\"\n                    alt=\"4\"\n                    src=\"https:\/\/comunicacion.umh.es\/wp-content\/uploads\/sites\/84\/nggallery\/27-01-16-informe-crupv\/thumbs\/thumbs_4.JPG\"\n                    width=\"100\"\n                    height=\"75\"\n                    style=\"max-width:100%;\"\n                \/>\n            <\/a>\n        <\/div>\n\t\t\t\t\t\t\t<\/div> \n\t\t\t\n        \n\t\t\t\t<div id=\"ngg-image-4\" class=\"ngg-gallery-thumbnail-box\" >\n\t\t\t\t        <div class=\"ngg-gallery-thumbnail\">\n            <a href=\"https:\/\/comunicacion.umh.es\/wp-content\/uploads\/sites\/84\/nggallery\/27-01-16-informe-crupv\/5.JPG\"\n               title=\"\"\n               data-src=\"https:\/\/comunicacion.umh.es\/wp-content\/uploads\/sites\/84\/nggallery\/27-01-16-informe-crupv\/5.JPG\"\n               data-thumbnail=\"https:\/\/comunicacion.umh.es\/wp-content\/uploads\/sites\/84\/nggallery\/27-01-16-informe-crupv\/thumbs\/thumbs_5.JPG\"\n               data-image-id=\"5562\"\n               data-title=\"5\"\n               data-description=\"\"\n               data-image-slug=\"5-7\"\n               class=\"ngg-fancybox\" rel=\"cebb7a4bf25ee2e02c5b4c25ba678de9\">\n                <img\n                    title=\"5\"\n                    alt=\"5\"\n                    src=\"https:\/\/comunicacion.umh.es\/wp-content\/uploads\/sites\/84\/nggallery\/27-01-16-informe-crupv\/thumbs\/thumbs_5.JPG\"\n                    width=\"100\"\n                    height=\"75\"\n                    style=\"max-width:100%;\"\n                \/>\n            <\/a>\n        <\/div>\n\t\t\t\t\t\t\t<\/div> \n\t\t\t\n        \n\t\t\n\t\t<!-- Pagination -->\n\t<div class='ngg-clear'><\/div>\t<\/div>\n<\/p>\n<p><\/p>","protected":false},"excerpt":{"rendered":"<p>La productivitat del Sistema Universitari P\u00fablic Valenci\u00e0 se situa un 11% per dalt de la mitjana espanyola, segons la tercera edici\u00f3 de l\u2019informe sobre \u201cLa contribuci\u00f3 socioecon\u00f2mica de les universitats p\u00fabliques valencianes\u201d (SUPV), que ha sigut presentat pel cinc rectors, pel president de la Generalitat, Ximo Puig, i pel conseller d\u2019Educaci\u00f3, Vicent Marz\u00e0. Formar a [&#8230;]<\/p>\n","protected":false},"author":2693,"featured_media":0,"comment_status":"closed","ping_status":"open","sticky":false,"template":"","format":"standard","meta":{"ngg_post_thumbnail":0,"_links_to":"","_links_to_target":""},"categories":[770,69,2782,2783,43,2785,2777],"tags":[],"_links":{"self":[{"href":"https:\/\/comunicacion.umh.es\/ca\/wp-json\/wp\/v2\/posts\/88306"}],"collection":[{"href":"https:\/\/comunicacion.umh.es\/ca\/wp-json\/wp\/v2\/posts"}],"about":[{"href":"https:\/\/comunicacion.umh.es\/ca\/wp-json\/wp\/v2\/types\/post"}],"author":[{"embeddable":true,"href":"https:\/\/comunicacion.umh.es\/ca\/wp-json\/wp\/v2\/users\/2693"}],"replies":[{"embeddable":true,"href":"https:\/\/comunicacion.umh.es\/ca\/wp-json\/wp\/v2\/comments?post=88306"}],"version-history":[{"count":0,"href":"https:\/\/comunicacion.umh.es\/ca\/wp-json\/wp\/v2\/posts\/88306\/revisions"}],"wp:attachment":[{"href":"https:\/\/comunicacion.umh.es\/ca\/wp-json\/wp\/v2\/media?parent=88306"}],"wp:term":[{"taxonomy":"category","embeddable":true,"href":"https:\/\/comunicacion.umh.es\/ca\/wp-json\/wp\/v2\/categories?post=88306"},{"taxonomy":"post_tag","embeddable":true,"href":"https:\/\/comunicacion.umh.es\/ca\/wp-json\/wp\/v2\/tags?post=88306"}],"curies":[{"name":"wp","href":"https:\/\/api.w.org\/{rel}","templated":true}]}}