{"id":88926,"date":"2016-02-15T13:25:33","date_gmt":"2016-02-15T12:25:33","guid":{"rendered":"http:\/\/comunicacion.umh.es\/?p=88926"},"modified":"2016-02-15T13:55:14","modified_gmt":"2016-02-15T12:55:14","slug":"el-programa-de-radio-umh-punto-de-vista-analiza-obras-de-arte-del-museo-del-prado-desde-un-punto-de-vista-oftalmologico-y-artistico","status":"publish","type":"post","link":"https:\/\/comunicacion.umh.es\/ca\/2016\/02\/15\/el-programa-de-radio-umh-punto-de-vista-analiza-obras-de-arte-del-museo-del-prado-desde-un-punto-de-vista-oftalmologico-y-artistico\/","title":{"rendered":"<span lang=\"es\">(Espa\u00f1ol) El programa de Radio UMH \u201cPunto de Vista\u201d analiza obras de arte del Museo del Prado desde un punto de vista oftalmol\u00f3gico y art\u00edstico<\/span>"},"content":{"rendered":"<p class=\"qtranxs-available-languages-message qtranxs-available-languages-message-ca\">Ho sent, per\u00f2 aquesta entrada nom\u00e9s est\u00e0 disponible en <a href=\"https:\/\/comunicacion.umh.es\/es\/wp-json\/wp\/v2\/posts\/88926\" class=\"qtranxs-available-language-link qtranxs-available-language-link-es\" title=\"Espa\u00f1ol\">Espanyol Europeu<\/a>.<\/p>","protected":false},"excerpt":{"rendered":"<p>Ho sent, per\u00f2 aquesta entrada nom\u00e9s est\u00e0 disponible en Espanyol Europeu.<\/p>\n","protected":false},"author":3235,"featured_media":0,"comment_status":"closed","ping_status":"open","sticky":false,"template":"","format":"standard","meta":{"ngg_post_thumbnail":0,"_links_to":"","_links_to_target":""},"categories":[770,87,69,2782,2783,191,43,2778,2788,2796,4433,2420,4427],"tags":[],"_links":{"self":[{"href":"https:\/\/comunicacion.umh.es\/ca\/wp-json\/wp\/v2\/posts\/88926"}],"collection":[{"href":"https:\/\/comunicacion.umh.es\/ca\/wp-json\/wp\/v2\/posts"}],"about":[{"href":"https:\/\/comunicacion.umh.es\/ca\/wp-json\/wp\/v2\/types\/post"}],"author":[{"embeddable":true,"href":"https:\/\/comunicacion.umh.es\/ca\/wp-json\/wp\/v2\/users\/3235"}],"replies":[{"embeddable":true,"href":"https:\/\/comunicacion.umh.es\/ca\/wp-json\/wp\/v2\/comments?post=88926"}],"version-history":[{"count":0,"href":"https:\/\/comunicacion.umh.es\/ca\/wp-json\/wp\/v2\/posts\/88926\/revisions"}],"wp:attachment":[{"href":"https:\/\/comunicacion.umh.es\/ca\/wp-json\/wp\/v2\/media?parent=88926"}],"wp:term":[{"taxonomy":"category","embeddable":true,"href":"https:\/\/comunicacion.umh.es\/ca\/wp-json\/wp\/v2\/categories?post=88926"},{"taxonomy":"post_tag","embeddable":true,"href":"https:\/\/comunicacion.umh.es\/ca\/wp-json\/wp\/v2\/tags?post=88926"}],"curies":[{"name":"wp","href":"https:\/\/api.w.org\/{rel}","templated":true}]}}