{"id":89736,"date":"2016-04-05T13:11:34","date_gmt":"2016-04-05T11:11:34","guid":{"rendered":"http:\/\/comunicacion.umh.es\/?p=89736"},"modified":"2016-04-08T13:12:17","modified_gmt":"2016-04-08T11:12:17","slug":"la-umh-se-situa-entre-las-mejores-universidades-espanolas-segun-el-ranking-de-la-fundacion-bbva-y-el-ivie","status":"publish","type":"post","link":"https:\/\/comunicacion.umh.es\/ca\/2016\/04\/05\/la-umh-se-situa-entre-las-mejores-universidades-espanolas-segun-el-ranking-de-la-fundacion-bbva-y-el-ivie\/","title":{"rendered":"La UMH se situa entre les millors universitats espanyoles, segons el r\u00e0nquing de la Fundaci\u00f3 BBVA i l&#8217;IVIE"},"content":{"rendered":"<p><\/p>\n<p style=\"text-align: justify\">La Universitat Miguel Hern\u00e1ndez (UMH) d&#8217;Elx ocupa la quarta posici\u00f3 del r\u00e0nquing de les millors universitats espanyoles, junt amb altres institucions acad\u00e8miques. Aquestos resultats s&#8217;arrepleguen en la quarta edici\u00f3 del projecte U-R\u00e0nquing, elaborat de forma conjunta per la Fundaci\u00f3 BBVA i l&#8217;Institut Valenci\u00e0 d&#8217;Investigacions Econ\u00f2miques (IVIE). Aquest informe analitza 61 universitats, de les quals 48 s\u00f3n p\u00fabliques i 13 s\u00f3n privades.<!--more--><\/p>\n<p style=\"text-align: justify\"><a href=\"https:\/\/comunicacion.umh.es\/files\/2013\/05\/rectorado-exterior.jpg\"><img loading=\"lazy\" class=\"alignleft size-medium wp-image-61979\" src=\"https:\/\/comunicacion.umh.es\/files\/2013\/05\/rectorado-exterior-300x200.jpg\" alt=\"rectorado exterior\" width=\"300\" height=\"200\" srcset=\"https:\/\/comunicacion.umh.es\/files\/2013\/05\/rectorado-exterior-300x200.jpg 300w, https:\/\/comunicacion.umh.es\/files\/2013\/05\/rectorado-exterior-1024x682.jpg 1024w\" sizes=\"(max-width: 300px) 100vw, 300px\" \/><\/a><\/p>\n<p style=\"text-align: justify\">L&#8217;estudi s&#8217;ha dut a terme des de la Unitat d&#8217;Epidemiologia de la Nutrici\u00f3 de la UMH, liderada pel catedr\u00e0tic de Medicina Preventiva i Salut P\u00fablica, Jes\u00fas Vioque. La investigaci\u00f3 ha posat de manifest que els consumidors moderats de vi o cervesa tenen una major adher\u00e8ncia a la dieta mediterr\u00e0nia que els no consumidors d&#8217;alcohol o que els consumidors que combinaven tot tipus de begudes alcoh\u00f2liques. Els no bevedors d&#8217;alcohol van indicar un consum diari significativament menor de peix i major de carn, mentres que els bevedors de qualsevol tipus d&#8217;alcohol van presentar un menor consum de fruita i verdura i el doble consum de carn en comparaci\u00f3 amb els bevedors moderats de vi o cervesa.<\/p>\n<p style=\"text-align: justify\">Els participants en aquest estudi van respondre a preguntes sobre la seua ingesta d&#8217;alcohol, la seua dieta i sobre estils de vida. Els resultats van mostrar que un 18,9% dels participants prenien nom\u00e9s vi o cervesa de forma moderada, un 19,5% no bevia alcohol i un 61,6% prenia tot tipus de begudes alcoh\u00f2liques, incloses les d&#8217;alta graduaci\u00f3. La mitjana de consum d&#8217;alcohol va ser de 4,3 grams per dia, un consum que pot considerar-se entre baix i moderat, ja que \u00e9s inferior al de 11,8 grams per dia estimat en l&#8217;Enquesta Nacional de Salut per a adults j\u00f3vens de la mateixa edat que es va realitzar entre 2011 i 2012.<\/p>\n<p style=\"text-align: justify\">Els autors indiquen en aquest estudi que entre els atributs i en les recomanacions de la dieta mediterr\u00e0nia es troba el consum diari moderat d&#8217;alcohol, especialment de vi negre i, si \u00e9s possible, en les menjars. No obstant aix\u00f2, els propis autors reconeixien en el seu treball la controv\u00e8rsia existent en la comunitat cient\u00edfica internacional a l&#8217;hora de recomanar o no el consum d&#8217;alcohol encara que siga de forma moderada, per els efectes negatius que pot tindre un consum excessiu. En tot cas, els resultats d&#8217;aquest estudi posen de manifest la necessitat d&#8217;estudiar conjuntament la dieta a l&#8217;hora d&#8217;analitzar els efectes de l&#8217;alcohol, donada l&#8217;estreta relaci\u00f3 entre ambd\u00f3s.<\/p>\n<p><\/p>","protected":false},"excerpt":{"rendered":"<p>La Universitat Miguel Hern\u00e1ndez (UMH) d&#8217;Elx ocupa la quarta posici\u00f3 del r\u00e0nquing de les millors universitats espanyoles, junt amb altres institucions acad\u00e8miques. Aquestos resultats s&#8217;arrepleguen en la quarta edici\u00f3 del projecte U-R\u00e0nquing, elaborat de forma conjunta per la Fundaci\u00f3 BBVA i l&#8217;Institut Valenci\u00e0 d&#8217;Investigacions Econ\u00f2miques (IVIE). Aquest informe analitza 61 universitats, de les quals 48 [&#8230;]<\/p>\n","protected":false},"author":2693,"featured_media":0,"comment_status":"closed","ping_status":"open","sticky":false,"template":"","format":"standard","meta":{"ngg_post_thumbnail":0,"_links_to":"","_links_to_target":""},"categories":[794,770,69,2782,2783,43,394,2785,2777,2918],"tags":[],"_links":{"self":[{"href":"https:\/\/comunicacion.umh.es\/ca\/wp-json\/wp\/v2\/posts\/89736"}],"collection":[{"href":"https:\/\/comunicacion.umh.es\/ca\/wp-json\/wp\/v2\/posts"}],"about":[{"href":"https:\/\/comunicacion.umh.es\/ca\/wp-json\/wp\/v2\/types\/post"}],"author":[{"embeddable":true,"href":"https:\/\/comunicacion.umh.es\/ca\/wp-json\/wp\/v2\/users\/2693"}],"replies":[{"embeddable":true,"href":"https:\/\/comunicacion.umh.es\/ca\/wp-json\/wp\/v2\/comments?post=89736"}],"version-history":[{"count":0,"href":"https:\/\/comunicacion.umh.es\/ca\/wp-json\/wp\/v2\/posts\/89736\/revisions"}],"wp:attachment":[{"href":"https:\/\/comunicacion.umh.es\/ca\/wp-json\/wp\/v2\/media?parent=89736"}],"wp:term":[{"taxonomy":"category","embeddable":true,"href":"https:\/\/comunicacion.umh.es\/ca\/wp-json\/wp\/v2\/categories?post=89736"},{"taxonomy":"post_tag","embeddable":true,"href":"https:\/\/comunicacion.umh.es\/ca\/wp-json\/wp\/v2\/tags?post=89736"}],"curies":[{"name":"wp","href":"https:\/\/api.w.org\/{rel}","templated":true}]}}