{"id":90485,"date":"2016-05-04T14:03:47","date_gmt":"2016-05-04T12:03:47","guid":{"rendered":"http:\/\/comunicacion.umh.es\/?p=90485"},"modified":"2016-05-06T09:51:25","modified_gmt":"2016-05-06T07:51:25","slug":"el-patronato-del-misteri-delx-y-las-universidades-publicas-valencianas-colaboraran-para-la-difusion-y-el-estudio-de-la-festa","status":"publish","type":"post","link":"https:\/\/comunicacion.umh.es\/ca\/2016\/05\/04\/el-patronato-del-misteri-delx-y-las-universidades-publicas-valencianas-colaboraran-para-la-difusion-y-el-estudio-de-la-festa\/","title":{"rendered":"El Patronat del Misteri d&#8217;Elx i les universitats p\u00fabliques valencianes col\u00b7laboraran per a la difusi\u00f3 i l&#8217;estudi de la Festa"},"content":{"rendered":"<p><\/p>\n<p style=\"text-align: justify\">Les cinc universitats p\u00fabliques valencianes i el Patronat del Misteri d&#8217;Elx han firmat un acord marc de col\u00b7laboraci\u00f3. L&#8217;objectiu d\u2019aquest acord, impulsat per la C\u00e0tedra Misteri d&#8217;Elx de la Universitat Miguel Hern\u00e1ndez (UMH) d&#8217;Elx, \u00e9s promoure activitats culturals i acad\u00e8miques, de formaci\u00f3 i investigaci\u00f3, dins de l&#8217;\u00e0mbit universitari valenci\u00e0, per a difondre els valors teatrals, musicals, ling\u00fc\u00edstics, literaris, antropol\u00f2gics, socials i art\u00edstics del Misteri d&#8217;Elx entre els estudiants i el professorat d&#8217;aquestes cinc universitats.<!--more--><\/p>\n<p style=\"text-align: justify\"><a href=\"https:\/\/comunicacion.umh.es\/files\/2016\/05\/04-05-16-patronato-misteri2.jpg\"><img loading=\"lazy\" class=\"alignleft size-medium wp-image-90486\" src=\"https:\/\/comunicacion.umh.es\/files\/2016\/05\/04-05-16-patronato-misteri2-300x225.jpg\" alt=\"04-05-16-patronato misteri2\" width=\"300\" height=\"225\" srcset=\"https:\/\/comunicacion.umh.es\/files\/2016\/05\/04-05-16-patronato-misteri2-300x225.jpg 300w, https:\/\/comunicacion.umh.es\/files\/2016\/05\/04-05-16-patronato-misteri2-1024x768.jpg 1024w\" sizes=\"(max-width: 300px) 100vw, 300px\" \/><\/a><\/p>\n<p style=\"text-align: justify\">Durant l&#8217;acte, han intervingut el rector de la UMH, Jes\u00fas Pastor, el de la Universitat de Val\u00e8ncia i president de la Confer\u00e8ncia de Rectors de les Universitats P\u00fabliques Valencianes (CRUPV), Esteban Morcillo, l&#8217;alcalde d&#8217;Elx, Carlos Gonz\u00e1lez, i el president executiu de la Junta Rectora del Patronat del Misteri d&#8217;Elx, Fernando Garc\u00eda. A la firma han assistit, tamb\u00e9, el rector de la Universitat Polit\u00e8cnica de Val\u00e8ncia, Francisco Jos\u00e9 Mora, el de la Universitat Jaume I, Vicent Climent, la rectora en funcions de la Universitat d&#8217;Alacant, Amparo Navarro, i el director de la C\u00e0tedra Misteri d&#8217;Elx de la UMH, Pablo Mas.<\/p>\n<p style=\"text-align: justify\">A trav\u00e9s d&#8217;aquest conveni, les institucions firmants es comprometen a difondre els valors teatrals, musicals, ling\u00fc\u00edstics, literaris, antropol\u00f2gics, socials, art\u00edstics, etc. del Misteri d&#8217;Elx entre els estudiants i el professorat de les universitats firmants; col\u00b7laborar en la programaci\u00f3 i\/o realitzaci\u00f3 d&#8217;activitats acad\u00e8miques, cient\u00edfiques i culturals que tinguen com a objecte la divulgaci\u00f3 i investigaci\u00f3 del Misteri d&#8217;Elx; afavorir la participaci\u00f3 del professorat i l&#8217;alumnat en activitats acad\u00e8miques, cient\u00edfiques i culturals que tinguen com a objecte el Misteri d&#8217;Elx; facilitar assessorament acad\u00e8mic mutu que permeta divulgar amb totes les garanties el Misteri d&#8217;Elx i establir nous compromisos d&#8217;inter\u00e9s mutu.<\/p>\n<p style=\"text-align: justify\">La comissi\u00f3 mixta estar\u00e0 integrada per representants del Patronat del Misteri d&#8217;Elx, pel president de la CRUPV, Esteban Morcillo, i pel director de la C\u00e0tedra Misteri d&#8217;Elx de la UMH, Pablo Mas.<\/p>\n<p><\/p>","protected":false},"excerpt":{"rendered":"<p>Les cinc universitats p\u00fabliques valencianes i el Patronat del Misteri d&#8217;Elx han firmat un acord marc de col\u00b7laboraci\u00f3. L&#8217;objectiu d\u2019aquest acord, impulsat per la C\u00e0tedra Misteri d&#8217;Elx de la Universitat Miguel Hern\u00e1ndez (UMH) d&#8217;Elx, \u00e9s promoure activitats culturals i acad\u00e8miques, de formaci\u00f3 i investigaci\u00f3, dins de l&#8217;\u00e0mbit universitari valenci\u00e0, per a difondre els valors teatrals, [&#8230;]<\/p>\n","protected":false},"author":2693,"featured_media":0,"comment_status":"closed","ping_status":"open","sticky":false,"template":"","format":"standard","meta":{"ngg_post_thumbnail":0,"_links_to":"","_links_to_target":""},"categories":[770,570,69,2782,2783,43,2777],"tags":[],"_links":{"self":[{"href":"https:\/\/comunicacion.umh.es\/ca\/wp-json\/wp\/v2\/posts\/90485"}],"collection":[{"href":"https:\/\/comunicacion.umh.es\/ca\/wp-json\/wp\/v2\/posts"}],"about":[{"href":"https:\/\/comunicacion.umh.es\/ca\/wp-json\/wp\/v2\/types\/post"}],"author":[{"embeddable":true,"href":"https:\/\/comunicacion.umh.es\/ca\/wp-json\/wp\/v2\/users\/2693"}],"replies":[{"embeddable":true,"href":"https:\/\/comunicacion.umh.es\/ca\/wp-json\/wp\/v2\/comments?post=90485"}],"version-history":[{"count":0,"href":"https:\/\/comunicacion.umh.es\/ca\/wp-json\/wp\/v2\/posts\/90485\/revisions"}],"wp:attachment":[{"href":"https:\/\/comunicacion.umh.es\/ca\/wp-json\/wp\/v2\/media?parent=90485"}],"wp:term":[{"taxonomy":"category","embeddable":true,"href":"https:\/\/comunicacion.umh.es\/ca\/wp-json\/wp\/v2\/categories?post=90485"},{"taxonomy":"post_tag","embeddable":true,"href":"https:\/\/comunicacion.umh.es\/ca\/wp-json\/wp\/v2\/tags?post=90485"}],"curies":[{"name":"wp","href":"https:\/\/api.w.org\/{rel}","templated":true}]}}