{"id":90633,"date":"2016-05-11T10:30:00","date_gmt":"2016-05-11T08:30:00","guid":{"rendered":"http:\/\/comunicacion.umh.es\/?p=90633"},"modified":"2016-05-11T11:06:37","modified_gmt":"2016-05-11T09:06:37","slug":"puesta-en-marcha-de-la-escola-de-frikis-para-promover-la-ciencia-la-tecnologia-la-ingenieria-y-las-matematicas-entre-ninos-de-primaria","status":"publish","type":"post","link":"https:\/\/comunicacion.umh.es\/ca\/2016\/05\/11\/puesta-en-marcha-de-la-escola-de-frikis-para-promover-la-ciencia-la-tecnologia-la-ingenieria-y-las-matematicas-entre-ninos-de-primaria\/","title":{"rendered":"<span lang=\"es\">(Espa\u00f1ol) Puesta en marcha de la \u201cEscola de frikis\u201d para promover la ciencia, la tecnolog\u00eda, la ingenier\u00eda y las matem\u00e1ticas entre ni\u00f1os de primaria<\/span>"},"content":{"rendered":"<p class=\"qtranxs-available-languages-message qtranxs-available-languages-message-ca\">Ho sent, per\u00f2 aquesta entrada nom\u00e9s est\u00e0 disponible en <a href=\"https:\/\/comunicacion.umh.es\/es\/wp-json\/wp\/v2\/posts\/90633\" class=\"qtranxs-available-language-link qtranxs-available-language-link-es\" title=\"Espa\u00f1ol\">Espanyol Europeu<\/a>.<\/p>","protected":false},"excerpt":{"rendered":"<p>Ho sent, per\u00f2 aquesta entrada nom\u00e9s est\u00e0 disponible en Espanyol Europeu.<\/p>\n","protected":false},"author":3524,"featured_media":0,"comment_status":"closed","ping_status":"open","sticky":false,"template":"","format":"standard","meta":{"ngg_post_thumbnail":0,"_links_to":"","_links_to_target":""},"categories":[770,87,69,2782,43,2788],"tags":[],"_links":{"self":[{"href":"https:\/\/comunicacion.umh.es\/ca\/wp-json\/wp\/v2\/posts\/90633"}],"collection":[{"href":"https:\/\/comunicacion.umh.es\/ca\/wp-json\/wp\/v2\/posts"}],"about":[{"href":"https:\/\/comunicacion.umh.es\/ca\/wp-json\/wp\/v2\/types\/post"}],"author":[{"embeddable":true,"href":"https:\/\/comunicacion.umh.es\/ca\/wp-json\/wp\/v2\/users\/3524"}],"replies":[{"embeddable":true,"href":"https:\/\/comunicacion.umh.es\/ca\/wp-json\/wp\/v2\/comments?post=90633"}],"version-history":[{"count":0,"href":"https:\/\/comunicacion.umh.es\/ca\/wp-json\/wp\/v2\/posts\/90633\/revisions"}],"wp:attachment":[{"href":"https:\/\/comunicacion.umh.es\/ca\/wp-json\/wp\/v2\/media?parent=90633"}],"wp:term":[{"taxonomy":"category","embeddable":true,"href":"https:\/\/comunicacion.umh.es\/ca\/wp-json\/wp\/v2\/categories?post=90633"},{"taxonomy":"post_tag","embeddable":true,"href":"https:\/\/comunicacion.umh.es\/ca\/wp-json\/wp\/v2\/tags?post=90633"}],"curies":[{"name":"wp","href":"https:\/\/api.w.org\/{rel}","templated":true}]}}